{"id":12146,"date":"2024-07-02T06:14:26","date_gmt":"2024-07-02T06:14:26","guid":{"rendered":"https:\/\/www.rochester-bern.ch\/?p=12146"},"modified":"2025-02-10T14:53:54","modified_gmt":"2025-02-10T14:53:54","slug":"ein-jahr-voller-transformation-von-windeln-herausforderungen-und-neuen-perspektiven","status":"publish","type":"post","link":"https:\/\/www.rochester-bern.ch\/de\/blog\/ein-jahr-voller-transformation-von-windeln-herausforderungen-und-neuen-perspektiven\/","title":{"rendered":"Ein Jahr voller Transformation: Von Windeln, Herausforderungen und neuen Perspektiven"},"content":{"rendered":"<div class=\"et_pb_section et_pb_section_0  et_pb_css_mix_blend_mode et_section_regular et_section_transparent\">\n\t\t\t\t\n\t\t\t\t\n\t\t\t\t\n\t\t\t\t\n\t\t\t\t\n\t\t\t\t\n\t\t\t\t<div class=\"et_pb_module_inner\">\n\t\t\t\t\t<div class=\"et_pb_section et_pb_section_0  et_pb_css_mix_blend_mode et_section_regular et_section_transparent\" >\n            <div >\n\t\t\t\t\n\t\t\t\t\n\t\t\t\t\n\t\t\t\t\n\t\t\t\t\n\t\t\t\t\n\t\t\t\t<div class=\"et_pb_row et_pb_row_0  et_pb_css_mix_blend_mode\">\n\t\t\t\t\n\t\t\t\t\n\t\t\t\t\n\t\t\t\t\n\t\t\t\t\n\t\t\t\t\n\t\t\t\t<div class=\"et_pb_module_inner\">\n\t\t\t\t\t<div class=\"row et_pb_row et_pb_row_0  et_pb_css_mix_blend_mode\">\n\t\t\t\t<div class=\"et_pb_column et_pb_column_1_1 s12 col bg--white et_pb_column_0  et_pb_css_mix_blend_mode et-last-child\">\n\t\t\t\t\n\t\t\t\t\n\t\t\t\t\n\t\t\t\t\n\t\t\t\t<div class=\"et_pb_text text__wrapper block__wrapper  et_pb_wly_text_0\n            mobile-- tablet--off desktop--off\"\n     id=\"\">\n    <div class=\"container\">\n        <div class=\"row\">\n            <div class=\"col s12 l10 xl8  offset-l1 offset-xl2 \">\n                                    <p><span lang=\"DE-CH\" style=\"color: black;\">Am 24. August 2023 tauchte ich in das zweite Modul des <a href=\"https:\/\/www.rochester-bern.ch\/de\/programs\/cas-leadership-inclusion\/\" target=\"_blank\" rel=\"noopener\">CAS Leadership &amp; Inclusion<\/a> ein. Mit im Gep\u00e4ck: meine vier Wochen alte Tochter und meine Mutter, die als Rettungsanker fungierte. Wir wurden mit offenen Armen und verst\u00e4ndnisvollem L\u00e4cheln empfangen. Die Klasse war eine bunte Mischung aus verschiedenen Menschen, mit unterschiedlichen Hintergr\u00fcnden und Motivationen. An dieser Stelle ein herzliches Dankesch\u00f6n f\u00fcr die vielen spannenden und anregenden Diskussionen sowie Einblicke in eure Leben. Ein grosses Dankesch\u00f6n auch an Nadine, Stefanie und das Team von Rochester-Bern, die dies m\u00f6glich gemacht haben.<\/span><\/p>\n<p><span lang=\"DE-CH\" style=\"color: black;\">Parallel dazu betrat meine \u00e4ltere Tochter am 17. August 2023 ihren Kindergarten. Adieu, gem\u00fctliche Vormittage und spontane lange Wochenenden! Eine grosse Ver\u00e4nderung f\u00fcr unsere Familie.<\/span><\/p>\n<p><span lang=\"DE-CH\" style=\"color: black;\">Die sechs Module des CAS Leadership &amp; Inclusion waren wie eine emotionale Achterbahnfahrt: von euphorisch bis tief betr\u00fcbt. Manchmal dachte ich, ich h\u00e4tte mir zu viel zugemutet, und manchmal war ich sicher, dass alles gut wird und mich weiterbringt. Immer wieder gab es auch Ber\u00fchrungspunkte mit meiner Arbeitgeberin und die Frage, wie es nach meiner R\u00fcckkehr dort weitergehen w\u00fcrde.<\/span><\/p>\n<p><span lang=\"DE-CH\" style=\"color: black;\">Zwischen Windeln, n\u00e4chtlichen Spazierg\u00e4ngen mit dem Baby auf dem Arm durch den Flur, W\u00e4schebergen und einer nach Ordnung und Sauberkeit schreienden Wohnung, musste ich die schriftlichen Wissenstransferaufgaben l\u00f6sen. Ich lernte, auf den Punkt zu funktionieren, wenn das entsprechende Zeitfenster (Baby schl\u00e4ft, grosse Tochter im Kindergarten, Mutter als Betreuungshilfe im Einsatz, Wochenende mit meinem Mann, der auf die M\u00e4dels schaut) gegeben war. Ihr k\u00f6nnt mir glauben, manchmal h\u00e4tte ich mich lieber ins Bett gelegt und geschlafen. Doch ich sagte mir immer wieder: Es ist eine absehbare Zeit und es bringt mich weiter!<\/span><\/p>\n<p><span lang=\"DE-CH\" style=\"color: black;\">Im M\u00e4rz 2024 stand unsere Familie vor einer weiteren Herausforderung: Meine Mutter wurde auf einem Parkplatz angefahren und erlitt einen Bruch des Waden- und Schienbeins. Zum Gl\u00fcck war es nichts Lebensbedrohliches, aber die Heilung zog sich z\u00e4h wie Kaugummi. Meine Mutter sollte einige Wochen sp\u00e4ter wieder in die Betreuung meiner T\u00f6chter eingebunden werden, da ich dann meine Arbeit wieder aufnehmen sollte. Dies war selbstverst\u00e4ndlich nun nicht wie geplant m\u00f6glich. Wieder die Frage: W\u00fcrde die Familienorganisation funktionieren, wenn ich mit einem 80%-Pensum zur\u00fcck an den Arbeitsplatz kehre, ohne Home-Office-M\u00f6glichkeit und welcher aus meiner Sicht nicht immer am \u201ePuls der Zeit\u201c in Sachen Vereinbarkeit ist?<\/span><\/p>\n<p><span lang=\"DE-CH\" style=\"color: black;\">Die Antwort: Ja, es funktioniert! Es braucht viel Unterst\u00fctzung von der Familie, eine Grundhaltung, dass nicht alles perfekt funktionieren muss und es in kleinen Schritten vorw\u00e4rts geht. Fr\u00fcher wollte ich alles auf einmal, aus Angst, etwas zu verpassen. Heute geniesse ich lieber die Zeit mit meiner Familie, im Wissen, dass diese Zeit schnell vergeht. Ihr wollt nicht wissen, wie es manchmal bei uns zuhause aussieht \u2013 und das von jemandem, der f\u00fcr Hygiene, Reinigung und Sauberkeit in einer grossen Klinik verantwortlich ist. Ein wenig Ironie des Lebens, oder?<\/span><\/p>\n<p><span lang=\"DE-CH\" style=\"color: black;\">Im CAS gab es viele Highlights, hier nenne ich nur einige beispielhaft f\u00fcr Viele: Prof. Dr. Jutta Rump beeindruckte mit ihrem umfassenden Fachwissen und praxisnahen Auftritt, Jochen Luksch half uns spielerisch, unsere Verhandlungskompetenzen zu verbessern, und Marcel R\u00f6sch, fast vollst\u00e4ndig blind, leitet das interne Filmteam bei Swisscom und hat uns mit einem beeindruckenden und packenden Auftritt \u00fcber sein Leben und seine Arbeit begeistert. Besonders inspirierend war auch die Vorstellung von Blindspot, einer Organisation, die zeigt, wie inklusives Arbeiten funktionieren kann. Ein weiterer H\u00f6hepunkt war die Recherche f\u00fcr meine Abschlusspr\u00e4sentation, in der ich meine Arbeitgeberin mit zwei anderen grossen Playern im Gesundheitswesen verglich und analysierte, wer im Bereich Vielfalt und Inklusion bereits einen Teil der Hausaufgaben gel\u00f6st hat. <\/span><\/p>\n<p><span lang=\"DE-CH\" style=\"color: black;\">Die Umgebung an der Universit\u00e4t von Bern bot uns Wetterlagen von extrem heissen, sonnigen Tagen bis hin zu Schneest\u00fcrmen. Auf dem Uni-Gel\u00e4nde erlebten wir neben der Erarbeitung einer Gruppenarbeit die dubiose Verhaftung einer Person durch die auf mich \u201eleicht\u201c \u00fcberfordert wirkende Berner Polizei. Dies im Rahmen einer Verhaftung einer bewaffneten Person. Es ging so einiges!<\/span><\/p>\n<p><span lang=\"DE-CH\" style=\"color: black;\">Letzte Woche holte ich nun noch das erste Modul \u201eAuftrittskompetenz\u201c nach und lernte die neue Klasse sowie die motivierende Dozentin <span class=\"ui-provider a b c d e f g h i j k l m n o p q r s t u v w x y z ab ac ae af ag ah ai aj ak\" dir=\"ltr\">Sibylle<\/span> Sommerer kennen. Die Atmosph\u00e4re war so vertraut und offen, dass ich mich sofort wohlf\u00fchlte. Sybille brachte uns praxisnah bei, wie wir unsere Pr\u00e4sentations- und Auftrittsf\u00e4higkeiten verbessern k\u00f6nnen. Ihre Tipps zu Gestik, Mimik und Sprache wende ich seitdem fleissig im Alltag an. Sie hatte einen gut umsetzbaren Ratschlag an mich: \u00abBreite deine \u00abFl\u00fcgel\u00bb aus, mach dich somit in deiner Wirkung gross\u00bb!<\/span><\/p>\n<p><span lang=\"DE-CH\" style=\"color: black;\">Insgesamt habe ich in den vergangenen 10 Monaten unglaublich viel gelernt, mich neu sortiert und bin bereit f\u00fcr die Zukunft. Meine Sensibilit\u00e4t f\u00fcr Vielfalts- und Inklusionsthemen ist gesch\u00e4rft, und ich m\u00f6chte meine Erkenntnisse unbedingt im Berufs- und Privatleben einfliessen lassen. Denn eins ist klar: Als Gesellschaft m\u00fcssen wir uns dringend in eine vielfalts- und inklusionsf\u00f6rdernde Richtung entwickeln, um allen Menschen die Teilnahme am gesellschaftlichen und wirtschaftlichen Leben zu erm\u00f6glichen.<\/span><\/p>\n<p><span lang=\"DE-CH\" style=\"color: black;\">Jetzt schlie\u00dfe ich meinen Bericht, denn ich muss los, um meine gro\u00dfe Tochter von ihrem letzten Kindergarten-Tag abzuholen. Sie hat als \u201eR\u00e4upli\u201c begonnen und wird sich nun \u00fcber die Sommerferien verpuppen, um danach als strahlender Schmetterling ins zweite Kindergartenjahr zu starten. Auch ich breite meine Fl\u00fcgel aus und mache mich gross. Eine gelungene Transformation!<\/span><\/p>\n                            <\/div>\n        <\/div>\n    <\/div>\n<\/div>\n\n\t\t\t<\/div>\n\t\t\t\t\n\t\t\t\t\n\t\t\t\t\n\t\t\t\t\n\t\t\t<\/div>\n\t\t\t\t<\/div>\n\t\t\t<\/div>\n\t\t\t\t\n\t\t\t\t\n\t\t\t    <\/div>\n\t\t\t<\/div>\n\t\t\t\t<\/div>\n\t\t\t<\/div>\n","protected":false},"excerpt":{"rendered":"Ein ereignisreiches Jahr voller Ver\u00e4nderungen liegt hinter mir. Mit einem Neugeborenen auf dem Arm und einer \u00e4lteren Tochter, die ihre ersten Schritte im Kindergarten machte, wagte ich den Sprung ins CAS Leadership &#038; Inclusion bei Rochester-Bern. Von emotionalen H\u00f6hen und Tiefen bis hin zu inspirierenden Begegnungen und neuen Erkenntnissen \u00fcber Vielfalt und Inklusion \u2013 dieses Jahr hat mich auf eine spannende Reise der pers\u00f6nlichen und beruflichen Entwicklung gef\u00fchrt. Hier berichte ich von meinen Erfahrungen, Herausforderungen und den wertvollen Lektionen, die ich gelernt habe.","protected":false},"author":7,"featured_media":12144,"comment_status":"closed","ping_status":"closed","sticky":false,"template":"","format":"standard","meta":{"_acf_changed":false,"_et_pb_use_builder":"on","_et_pb_old_content":"","_et_gb_content_width":"","inline_featured_image":false,"footnotes":""},"tags":[262],"language":[32],"topic":[183],"class_list":["post-12146","post","type-post","status-publish","format-standard","has-post-thumbnail","hentry","tag-fuehrung","language-deutsch","topic-leadership-and-inclusion"],"acf":[],"yoast_head":"<!-- This site is optimized with the Yoast SEO plugin v27.2 - https:\/\/yoast.com\/product\/yoast-seo-wordpress\/ -->\n<title>Ein Jahr voller Transformation<\/title>\n<meta name=\"description\" content=\"Ein Jahr voller Transformation: Das CAS Leadership &amp; Inclusion bei Rochester-Bern hat mich auf eine spannende Reise der Entwicklung gef\u00fchrt.\" \/>\n<meta name=\"robots\" content=\"index, follow, max-snippet:-1, max-image-preview:large, max-video-preview:-1\" \/>\n<link rel=\"canonical\" href=\"https:\/\/www.rochester-bern.ch\/de\/blog\/ein-jahr-voller-transformation-von-windeln-herausforderungen-und-neuen-perspektiven\/\" \/>\n<meta property=\"og:locale\" content=\"de_DE\" \/>\n<meta property=\"og:type\" content=\"article\" \/>\n<meta property=\"og:title\" content=\"Ein Jahr voller Transformation\" \/>\n<meta property=\"og:description\" content=\"Ein Jahr voller Transformation: Das CAS Leadership &amp; Inclusion bei Rochester-Bern hat mich auf eine spannende Reise der Entwicklung gef\u00fchrt.\" \/>\n<meta property=\"og:url\" content=\"https:\/\/www.rochester-bern.ch\/de\/blog\/ein-jahr-voller-transformation-von-windeln-herausforderungen-und-neuen-perspektiven\/\" \/>\n<meta property=\"og:site_name\" content=\"Rochester-Bern\" \/>\n<meta property=\"article:published_time\" content=\"2024-07-02T06:14:26+00:00\" \/>\n<meta property=\"article:modified_time\" content=\"2025-02-10T14:53:54+00:00\" \/>\n<meta property=\"og:image\" content=\"https:\/\/www.rochester-bern.ch\/app\/uploads\/2024\/07\/270701_picture_Blogbeitrag-LSI.jpg\" \/>\n\t<meta property=\"og:image:width\" content=\"640\" \/>\n\t<meta property=\"og:image:height\" content=\"364\" \/>\n\t<meta property=\"og:image:type\" content=\"image\/jpeg\" \/>\n<meta name=\"author\" content=\"Jessica Siegenthaler\" \/>\n<meta name=\"twitter:card\" content=\"summary_large_image\" \/>\n<meta name=\"twitter:label1\" content=\"Verfasst von\" \/>\n\t<meta name=\"twitter:data1\" content=\"Jessica Siegenthaler\" \/>\n\t<meta name=\"twitter:label2\" content=\"Gesch\u00e4tzte Lesezeit\" \/>\n\t<meta name=\"twitter:data2\" content=\"4\u00a0Minuten\" \/>\n<script type=\"application\/ld+json\" class=\"yoast-schema-graph\">{\"@context\":\"https:\/\/schema.org\",\"@graph\":[{\"@type\":[\"Article\",\"BlogPosting\"],\"@id\":\"https:\/\/www.rochester-bern.ch\/de\/blog\/ein-jahr-voller-transformation-von-windeln-herausforderungen-und-neuen-perspektiven\/#article\",\"isPartOf\":{\"@id\":\"https:\/\/www.rochester-bern.ch\/de\/blog\/ein-jahr-voller-transformation-von-windeln-herausforderungen-und-neuen-perspektiven\/\"},\"author\":{\"name\":\"Jessica Siegenthaler\",\"@id\":\"https:\/\/rochester.incms.net\/#\/schema\/person\/c12d1889774f12098ebf59f51b327619\"},\"headline\":\"Ein Jahr voller Transformation: Von Windeln, Herausforderungen und neuen Perspektiven\",\"datePublished\":\"2024-07-02T06:14:26+00:00\",\"dateModified\":\"2025-02-10T14:53:54+00:00\",\"mainEntityOfPage\":{\"@id\":\"https:\/\/www.rochester-bern.ch\/de\/blog\/ein-jahr-voller-transformation-von-windeln-herausforderungen-und-neuen-perspektiven\/\"},\"wordCount\":973,\"image\":{\"@id\":\"https:\/\/www.rochester-bern.ch\/de\/blog\/ein-jahr-voller-transformation-von-windeln-herausforderungen-und-neuen-perspektiven\/#primaryimage\"},\"thumbnailUrl\":\"https:\/\/www.rochester-bern.ch\/app\/uploads\/2024\/07\/270701_picture_Blogbeitrag-LSI.jpg\",\"keywords\":[\"F\u00fchrung\"],\"inLanguage\":\"de\"},{\"@type\":\"WebPage\",\"@id\":\"https:\/\/www.rochester-bern.ch\/de\/blog\/ein-jahr-voller-transformation-von-windeln-herausforderungen-und-neuen-perspektiven\/\",\"url\":\"https:\/\/www.rochester-bern.ch\/de\/blog\/ein-jahr-voller-transformation-von-windeln-herausforderungen-und-neuen-perspektiven\/\",\"name\":\"Ein Jahr voller Transformation\",\"isPartOf\":{\"@id\":\"https:\/\/rochester.incms.net\/#website\"},\"primaryImageOfPage\":{\"@id\":\"https:\/\/www.rochester-bern.ch\/de\/blog\/ein-jahr-voller-transformation-von-windeln-herausforderungen-und-neuen-perspektiven\/#primaryimage\"},\"image\":{\"@id\":\"https:\/\/www.rochester-bern.ch\/de\/blog\/ein-jahr-voller-transformation-von-windeln-herausforderungen-und-neuen-perspektiven\/#primaryimage\"},\"thumbnailUrl\":\"https:\/\/www.rochester-bern.ch\/app\/uploads\/2024\/07\/270701_picture_Blogbeitrag-LSI.jpg\",\"datePublished\":\"2024-07-02T06:14:26+00:00\",\"dateModified\":\"2025-02-10T14:53:54+00:00\",\"author\":{\"@id\":\"https:\/\/rochester.incms.net\/#\/schema\/person\/c12d1889774f12098ebf59f51b327619\"},\"description\":\"Ein Jahr voller Transformation: Das CAS Leadership & Inclusion bei Rochester-Bern hat mich auf eine spannende Reise der Entwicklung gef\u00fchrt.\",\"breadcrumb\":{\"@id\":\"https:\/\/www.rochester-bern.ch\/de\/blog\/ein-jahr-voller-transformation-von-windeln-herausforderungen-und-neuen-perspektiven\/#breadcrumb\"},\"inLanguage\":\"de\",\"potentialAction\":[{\"@type\":\"ReadAction\",\"target\":[\"https:\/\/www.rochester-bern.ch\/de\/blog\/ein-jahr-voller-transformation-von-windeln-herausforderungen-und-neuen-perspektiven\/\"]}]},{\"@type\":\"ImageObject\",\"inLanguage\":\"de\",\"@id\":\"https:\/\/www.rochester-bern.ch\/de\/blog\/ein-jahr-voller-transformation-von-windeln-herausforderungen-und-neuen-perspektiven\/#primaryimage\",\"url\":\"https:\/\/www.rochester-bern.ch\/app\/uploads\/2024\/07\/270701_picture_Blogbeitrag-LSI.jpg\",\"contentUrl\":\"https:\/\/www.rochester-bern.ch\/app\/uploads\/2024\/07\/270701_picture_Blogbeitrag-LSI.jpg\",\"width\":640,\"height\":364,\"caption\":\"Transformation\"},{\"@type\":\"BreadcrumbList\",\"@id\":\"https:\/\/www.rochester-bern.ch\/de\/blog\/ein-jahr-voller-transformation-von-windeln-herausforderungen-und-neuen-perspektiven\/#breadcrumb\",\"itemListElement\":[{\"@type\":\"ListItem\",\"position\":1,\"name\":\"Home\",\"item\":\"https:\/\/www.rochester-bern.ch\/de\/\"},{\"@type\":\"ListItem\",\"position\":2,\"name\":\"Ein Jahr voller Transformation: Von Windeln, Herausforderungen und neuen Perspektiven\"}]},{\"@type\":\"WebSite\",\"@id\":\"https:\/\/rochester.incms.net\/#website\",\"url\":\"https:\/\/rochester.incms.net\/\",\"name\":\"Rochester-Bern\",\"description\":\"Executive Programs - further Education for Executives\",\"potentialAction\":[{\"@type\":\"SearchAction\",\"target\":{\"@type\":\"EntryPoint\",\"urlTemplate\":\"https:\/\/rochester.incms.net\/?s={search_term_string}\"},\"query-input\":{\"@type\":\"PropertyValueSpecification\",\"valueRequired\":true,\"valueName\":\"search_term_string\"}}],\"inLanguage\":\"de\"},{\"@type\":\"Person\",\"@id\":\"https:\/\/rochester.incms.net\/#\/schema\/person\/c12d1889774f12098ebf59f51b327619\",\"name\":\"Jessica Siegenthaler\"}]}<\/script>\n<!-- \/ Yoast SEO plugin. -->","yoast_head_json":{"title":"Ein Jahr voller Transformation","description":"Ein Jahr voller Transformation: Das CAS Leadership & Inclusion bei Rochester-Bern hat mich auf eine spannende Reise der Entwicklung gef\u00fchrt.","robots":{"index":"index","follow":"follow","max-snippet":"max-snippet:-1","max-image-preview":"max-image-preview:large","max-video-preview":"max-video-preview:-1"},"canonical":"https:\/\/www.rochester-bern.ch\/de\/blog\/ein-jahr-voller-transformation-von-windeln-herausforderungen-und-neuen-perspektiven\/","og_locale":"de_DE","og_type":"article","og_title":"Ein Jahr voller Transformation","og_description":"Ein Jahr voller Transformation: Das CAS Leadership & Inclusion bei Rochester-Bern hat mich auf eine spannende Reise der Entwicklung gef\u00fchrt.","og_url":"https:\/\/www.rochester-bern.ch\/de\/blog\/ein-jahr-voller-transformation-von-windeln-herausforderungen-und-neuen-perspektiven\/","og_site_name":"Rochester-Bern","article_published_time":"2024-07-02T06:14:26+00:00","article_modified_time":"2025-02-10T14:53:54+00:00","og_image":[{"width":640,"height":364,"url":"https:\/\/www.rochester-bern.ch\/app\/uploads\/2024\/07\/270701_picture_Blogbeitrag-LSI.jpg","type":"image\/jpeg"}],"author":"Jessica Siegenthaler","twitter_card":"summary_large_image","twitter_misc":{"Verfasst von":"Jessica Siegenthaler","Gesch\u00e4tzte Lesezeit":"4\u00a0Minuten"},"schema":{"@context":"https:\/\/schema.org","@graph":[{"@type":["Article","BlogPosting"],"@id":"https:\/\/www.rochester-bern.ch\/de\/blog\/ein-jahr-voller-transformation-von-windeln-herausforderungen-und-neuen-perspektiven\/#article","isPartOf":{"@id":"https:\/\/www.rochester-bern.ch\/de\/blog\/ein-jahr-voller-transformation-von-windeln-herausforderungen-und-neuen-perspektiven\/"},"author":{"name":"Jessica Siegenthaler","@id":"https:\/\/rochester.incms.net\/#\/schema\/person\/c12d1889774f12098ebf59f51b327619"},"headline":"Ein Jahr voller Transformation: Von Windeln, Herausforderungen und neuen Perspektiven","datePublished":"2024-07-02T06:14:26+00:00","dateModified":"2025-02-10T14:53:54+00:00","mainEntityOfPage":{"@id":"https:\/\/www.rochester-bern.ch\/de\/blog\/ein-jahr-voller-transformation-von-windeln-herausforderungen-und-neuen-perspektiven\/"},"wordCount":973,"image":{"@id":"https:\/\/www.rochester-bern.ch\/de\/blog\/ein-jahr-voller-transformation-von-windeln-herausforderungen-und-neuen-perspektiven\/#primaryimage"},"thumbnailUrl":"https:\/\/www.rochester-bern.ch\/app\/uploads\/2024\/07\/270701_picture_Blogbeitrag-LSI.jpg","keywords":["F\u00fchrung"],"inLanguage":"de"},{"@type":"WebPage","@id":"https:\/\/www.rochester-bern.ch\/de\/blog\/ein-jahr-voller-transformation-von-windeln-herausforderungen-und-neuen-perspektiven\/","url":"https:\/\/www.rochester-bern.ch\/de\/blog\/ein-jahr-voller-transformation-von-windeln-herausforderungen-und-neuen-perspektiven\/","name":"Ein Jahr voller Transformation","isPartOf":{"@id":"https:\/\/rochester.incms.net\/#website"},"primaryImageOfPage":{"@id":"https:\/\/www.rochester-bern.ch\/de\/blog\/ein-jahr-voller-transformation-von-windeln-herausforderungen-und-neuen-perspektiven\/#primaryimage"},"image":{"@id":"https:\/\/www.rochester-bern.ch\/de\/blog\/ein-jahr-voller-transformation-von-windeln-herausforderungen-und-neuen-perspektiven\/#primaryimage"},"thumbnailUrl":"https:\/\/www.rochester-bern.ch\/app\/uploads\/2024\/07\/270701_picture_Blogbeitrag-LSI.jpg","datePublished":"2024-07-02T06:14:26+00:00","dateModified":"2025-02-10T14:53:54+00:00","author":{"@id":"https:\/\/rochester.incms.net\/#\/schema\/person\/c12d1889774f12098ebf59f51b327619"},"description":"Ein Jahr voller Transformation: Das CAS Leadership & Inclusion bei Rochester-Bern hat mich auf eine spannende Reise der Entwicklung gef\u00fchrt.","breadcrumb":{"@id":"https:\/\/www.rochester-bern.ch\/de\/blog\/ein-jahr-voller-transformation-von-windeln-herausforderungen-und-neuen-perspektiven\/#breadcrumb"},"inLanguage":"de","potentialAction":[{"@type":"ReadAction","target":["https:\/\/www.rochester-bern.ch\/de\/blog\/ein-jahr-voller-transformation-von-windeln-herausforderungen-und-neuen-perspektiven\/"]}]},{"@type":"ImageObject","inLanguage":"de","@id":"https:\/\/www.rochester-bern.ch\/de\/blog\/ein-jahr-voller-transformation-von-windeln-herausforderungen-und-neuen-perspektiven\/#primaryimage","url":"https:\/\/www.rochester-bern.ch\/app\/uploads\/2024\/07\/270701_picture_Blogbeitrag-LSI.jpg","contentUrl":"https:\/\/www.rochester-bern.ch\/app\/uploads\/2024\/07\/270701_picture_Blogbeitrag-LSI.jpg","width":640,"height":364,"caption":"Transformation"},{"@type":"BreadcrumbList","@id":"https:\/\/www.rochester-bern.ch\/de\/blog\/ein-jahr-voller-transformation-von-windeln-herausforderungen-und-neuen-perspektiven\/#breadcrumb","itemListElement":[{"@type":"ListItem","position":1,"name":"Home","item":"https:\/\/www.rochester-bern.ch\/de\/"},{"@type":"ListItem","position":2,"name":"Ein Jahr voller Transformation: Von Windeln, Herausforderungen und neuen Perspektiven"}]},{"@type":"WebSite","@id":"https:\/\/rochester.incms.net\/#website","url":"https:\/\/rochester.incms.net\/","name":"Rochester-Bern","description":"Executive Programs - further Education for Executives","potentialAction":[{"@type":"SearchAction","target":{"@type":"EntryPoint","urlTemplate":"https:\/\/rochester.incms.net\/?s={search_term_string}"},"query-input":{"@type":"PropertyValueSpecification","valueRequired":true,"valueName":"search_term_string"}}],"inLanguage":"de"},{"@type":"Person","@id":"https:\/\/rochester.incms.net\/#\/schema\/person\/c12d1889774f12098ebf59f51b327619","name":"Jessica Siegenthaler"}]}},"_links":{"self":[{"href":"https:\/\/www.rochester-bern.ch\/de\/wp-json\/wp\/v2\/posts\/12146","targetHints":{"allow":["GET"]}}],"collection":[{"href":"https:\/\/www.rochester-bern.ch\/de\/wp-json\/wp\/v2\/posts"}],"about":[{"href":"https:\/\/www.rochester-bern.ch\/de\/wp-json\/wp\/v2\/types\/post"}],"author":[{"embeddable":true,"href":"https:\/\/www.rochester-bern.ch\/de\/wp-json\/wp\/v2\/users\/7"}],"replies":[{"embeddable":true,"href":"https:\/\/www.rochester-bern.ch\/de\/wp-json\/wp\/v2\/comments?post=12146"}],"version-history":[{"count":8,"href":"https:\/\/www.rochester-bern.ch\/de\/wp-json\/wp\/v2\/posts\/12146\/revisions"}],"predecessor-version":[{"id":14067,"href":"https:\/\/www.rochester-bern.ch\/de\/wp-json\/wp\/v2\/posts\/12146\/revisions\/14067"}],"wp:featuredmedia":[{"embeddable":true,"href":"https:\/\/www.rochester-bern.ch\/de\/wp-json\/wp\/v2\/media\/12144"}],"wp:attachment":[{"href":"https:\/\/www.rochester-bern.ch\/de\/wp-json\/wp\/v2\/media?parent=12146"}],"wp:term":[{"taxonomy":"post_tag","embeddable":true,"href":"https:\/\/www.rochester-bern.ch\/de\/wp-json\/wp\/v2\/tags?post=12146"},{"taxonomy":"language","embeddable":true,"href":"https:\/\/www.rochester-bern.ch\/de\/wp-json\/wp\/v2\/language?post=12146"},{"taxonomy":"topic","embeddable":true,"href":"https:\/\/www.rochester-bern.ch\/de\/wp-json\/wp\/v2\/topic?post=12146"}],"curies":[{"name":"wp","href":"https:\/\/api.w.org\/{rel}","templated":true}]}}