{"id":13235,"date":"2024-11-19T12:33:09","date_gmt":"2024-11-19T12:33:09","guid":{"rendered":"https:\/\/www.rochester-bern.ch\/?p=13235"},"modified":"2025-03-05T09:18:49","modified_gmt":"2025-03-05T09:18:49","slug":"daten-und-die-cloud","status":"publish","type":"post","link":"https:\/\/www.rochester-bern.ch\/de\/blog\/daten-und-die-cloud\/","title":{"rendered":"Digitales Handlungsfeld 3: Daten und die Cloud"},"content":{"rendered":"<div class=\"et_pb_section et_pb_section_0  et_pb_css_mix_blend_mode et_section_regular et_section_transparent\">\n\t\t\t\t\n\t\t\t\t\n\t\t\t\t\n\t\t\t\t\n\t\t\t\t\n\t\t\t\t\n\t\t\t\t<div class=\"et_pb_module_inner\">\n\t\t\t\t\t<div class=\"et_pb_section et_pb_section_0  et_pb_css_mix_blend_mode et_section_regular et_section_transparent\" >\n            <div >\n\t\t\t\t\n\t\t\t\t\n\t\t\t\t\n\t\t\t\t\n\t\t\t\t\n\t\t\t\t\n\t\t\t\t<div class=\"et_pb_row et_pb_row_0  et_pb_css_mix_blend_mode\">\n\t\t\t\t\n\t\t\t\t\n\t\t\t\t\n\t\t\t\t\n\t\t\t\t\n\t\t\t\t\n\t\t\t\t<div class=\"et_pb_module_inner\">\n\t\t\t\t\t<div class=\"row et_pb_row et_pb_row_0  et_pb_css_mix_blend_mode\">\n\t\t\t\t<div class=\"et_pb_column et_pb_column_1_1 s12 col bg--white et_pb_column_0  et_pb_css_mix_blend_mode et-last-child\">\n\t\t\t\t\n\t\t\t\t\n\t\t\t\t\n\t\t\t\t\n\t\t\t\t<div class=\"et_pb_text text__wrapper block__wrapper  et_pb_wly_text_0\n            mobile-- tablet--off desktop--off\"\n     id=\"\">\n    <div class=\"container\">\n        <div class=\"row\">\n            <div class=\"col s12 l10 xl8  offset-l1 offset-xl2 \">\n                                    <p>Daten sind Rohmaterial. Erst wenn Daten in einen Kontext eingebettet sind, werden sie zu einem Rohstoff, aus dem Informationen\/Wissen und damit Wert abgeleitet wird. Diese Informationen k\u00f6nnen je nach Situation relevant sein oder nicht. Daten sind der Ausgangspunkt f\u00fcr die Entwicklung von Wissen und das Treffen von Entscheidungen. \u201aBig Data\u2018 und \u201aSmart Data\u2018 sind zentrale Schlagworte der digitalen Transformation, die meist im Zusammenhang mit Cloud-Technologien verwendet werden. Die meisten Unternehmen sind sich des Wertes der gesammelten und analysierten Daten f\u00fcr ihre Prozessabl\u00e4ufe, die Kundenorientierung, die Entwicklung neuer Produkte und Dienstleistungen und die Strategieentwicklung sehr bewusst.<\/p>\n<p>Die Daten werden von Sensoren oder aus dem t\u00e4glichen Gesch\u00e4ftsbetrieb gesammelt. Daten k\u00f6nnen auch Schl\u00fcsselkennzahlen und Messwerte in einem gesch\u00e4ftlichen Kontext sein. Mit der technologischen Entwicklung w\u00e4chst die Menge der verf\u00fcgbaren Daten aus allen Gesch\u00e4ftsbereichen eines Unternehmens. Die Herausforderung besteht darin, diese Daten sinnvoll und gewinnbringend zu nutzen. Heute geht es nicht mehr nur um Fehlersuche oder Prozessoptimierung. Die Daten selbst sind eine Ressource &#8211; ein Wirtschaftsgut. Der Begriff Daten\u00f6konomie bezieht sich auf die Tatsache, dass es jetzt m\u00f6glich ist, Daten in unabh\u00e4ngigen Gesch\u00e4ftsmodellen zu kommerzialisieren.<\/p>\n<p>Im Mittelpunkt steht die Entwicklung eines Datenmanagementplans (Data Management Framework). Auf der Grundlage einer Analyse und Definition, welche Daten f\u00fcr die Organisation relevant, f\u00fcr ihren Erfolg notwendig und f\u00fcr die Zukunft wichtig sind, kann ein Datenmanagementplan entwickelt werden.<\/p>\n<p>Dazu geh\u00f6ren entsprechende Qualit\u00e4tsvorgaben f\u00fcr alle Datenaktivit\u00e4ten innerhalb der Organisation. Unter anderem ist es wichtig zu wissen, woher die Daten stammen (intern oder extern), wie die Daten strukturiert sind und wie die Datenqualit\u00e4t gew\u00e4hrleistet werden kann. Ziel sollte es sein, die richtigen Daten zu sammeln und sie im richtigen Format und am richtigen Ort zu speichern.<\/p>\n<p>Die detaillierte technische Umsetzung des Datenmanagementplans kann in Workshops abgestimmt werden. Ausserdem sollte das Team mit den notwendigen Ressourcen (F\u00e4higkeiten, Finanzen, Zeit) ausgestattet werden, damit die Beteiligten qualitativ hochwertige Daten sammeln, klassifizieren und f\u00fcr die Zukunft sicher archivieren k\u00f6nnen. Es ist wichtig, in der Organisation das n\u00f6tige Know-how aufzubauen, um die Daten zu verarbeiten und zu analysieren. Der Datenmanagementplan gibt auch einen \u00dcberblick dar\u00fcber, welche Daten neu oder zus\u00e4tzlich generiert oder ggf. von Drittanbietern eingekauft werden m\u00fcssen.<\/p>\n<p>Ein Datenmanagementplan (siehe Abbildung) enth\u00e4lt einen \u00dcberblick \u00fcber Ihre Datenquellen, die Qualit\u00e4tsstufen (die Datenqualit\u00e4t auf niedrigem Niveau sollte verbessert werden), die derzeitige Datennutzung (dies gibt m\u00f6glicherweise bereits Aufschluss \u00fcber k\u00fcnftige Anwendungen f\u00fcr die operative oder strategische Nutzung), die eingesetzten Datenmanagementsysteme und die Massnahmen zur Verbesserung der Datensicherheit.<\/p>\n                            <\/div>\n        <\/div>\n    <\/div>\n<\/div>\n<div class=\"image__wrapper block__wrapper  et_pb_wly_image_0\n            mobile-- tablet--off desktop--off\"\n     id=\"\">\n    <div class=\"container\">\n        <div class=\"row\">\n                            <div class=\"col s12  xl10 offset-xl1 \">\n                            <div class=\"image-wrapper__outer\">\n                    \n                    <div class=\"image-wrapper\">\n                                                    <img decoding=\"async\" title=\"Datenkonzept-Datenschutz-Marc-K-Peter-Digitale-Transformation\" alt=\"Datenkonzept-Datenschutz-Marc-K-Peter-Digitale-Transformation\" class=\"lazyload\" src=\"\/img\/2024\/11\/Datenkonzept-Datenschutz-Marc-K-Peter-Digitale-Transformation.jpg?w=100&amp;h=47&amp;fit=crop&amp;fm=webp&amp;q=50&amp;sharp=0&amp;blur=8&amp;s=f0885b6be8058b40a1f1c7a565dadc71\" data-src=\"\/img\/2024\/11\/Datenkonzept-Datenschutz-Marc-K-Peter-Digitale-Transformation.jpg?w=1270&amp;h=599&amp;fit=crop&amp;fm=webp&amp;q=90&amp;sharp=4&amp;blur=0&amp;s=df6dc8ade2c4b93f7f8ae4936be353d6\" data-srcset=\"\/img\/2024\/11\/Datenkonzept-Datenschutz-Marc-K-Peter-Digitale-Transformation.jpg?w=540&amp;h=254&amp;fit=crop&amp;fm=webp&amp;q=90&amp;sharp=4&amp;blur=0&amp;s=fd7ed6bbc5fcd288dde7fab261cdef48 540w,\/img\/2024\/11\/Datenkonzept-Datenschutz-Marc-K-Peter-Digitale-Transformation.jpg?w=700&amp;h=330&amp;fit=crop&amp;fm=webp&amp;q=90&amp;sharp=4&amp;blur=0&amp;s=b13adf17ea98c7d606178def6ca32a4d 700w,\/img\/2024\/11\/Datenkonzept-Datenschutz-Marc-K-Peter-Digitale-Transformation.jpg?w=930&amp;h=438&amp;fit=crop&amp;fm=webp&amp;q=90&amp;sharp=4&amp;blur=0&amp;s=945f0fb30e35d45ecc0ba6d86bd36115 930w,\/img\/2024\/11\/Datenkonzept-Datenschutz-Marc-K-Peter-Digitale-Transformation.jpg?w=1140&amp;h=537&amp;fit=crop&amp;fm=webp&amp;q=90&amp;sharp=4&amp;blur=0&amp;s=e7e5d41f854f0a6114cbd18e5f70135a 1140w,\/img\/2024\/11\/Datenkonzept-Datenschutz-Marc-K-Peter-Digitale-Transformation.jpg?w=1270&amp;h=599&amp;fit=crop&amp;fm=webp&amp;q=90&amp;sharp=4&amp;blur=0&amp;s=df6dc8ade2c4b93f7f8ae4936be353d6 1270w\" sizes=\"(max-width: 767px) 540px,(max-width: 992px) 700px,(max-width: 1200px) 930px,(max-width: 1330px) 1140px,1270px\" \/>\n                                            <\/div>\n                                    <\/div>\n            <\/div>\n                    <\/div>\n    <\/div>\n<\/div>\n<div class=\"et_pb_text text__wrapper block__wrapper  et_pb_wly_text_1\n            mobile-- tablet--off desktop--off\"\n     id=\"\">\n    <div class=\"container\">\n        <div class=\"row\">\n            <div class=\"col s12 l10 xl8  offset-l1 offset-xl2 \">\n                                    <p><em>Ein Datenmanagementplan gibt einen \u00dcberblick \u00fcber die Daten in Ihrer Organisation. In vielen F\u00e4llen ist dies auch gesetzlich vorgeschrieben, je nach l\u00e4nderspezifischer Gesetzgebung. (Marc K. Peter, <a href=\"https:\/\/the-digital-transformation-canvas.com\/\" target=\"_blank\" rel=\"noopener\">https:\/\/the-digital-transformation-canvas.com\/<\/a>) .<\/em><\/p>\n<p>Im n\u00e4chsten Blog-Beitrag werden wir Handlungsfeld Nummer 4 vorstellen, neue (digitale) Strategien und Gesch\u00e4ftsmodelle, die festlegen, wie Sie aus der Einf\u00fchrung neuer Technologien und der Nutzung von Daten einen Mehrwert ziehen.<\/p>\n                            <\/div>\n        <\/div>\n    <\/div>\n<\/div>\n\n\t\t\t<\/div>\n\t\t\t\t\n\t\t\t\t\n\t\t\t\t\n\t\t\t\t\n\t\t\t<\/div>\n\t\t\t\t<\/div>\n\t\t\t<\/div><div class=\"et_pb_row et_pb_row_1  et_pb_css_mix_blend_mode\">\n\t\t\t\t\n\t\t\t\t\n\t\t\t\t\n\t\t\t\t\n\t\t\t\t\n\t\t\t\t\n\t\t\t\t<div class=\"et_pb_module_inner\">\n\t\t\t\t\t<div class=\"row et_pb_row et_pb_row_1  et_pb_css_mix_blend_mode\">\n\t\t\t\t<div class=\"et_pb_column et_pb_column_1_1 s12 col bg--beige et_pb_column_1  et_pb_css_mix_blend_mode et-last-child\">\n\t\t\t\t\n\t\t\t\t\n\t\t\t\t\n\t\t\t\t\n\t\t\t\t<div class=\"et_pb_text text__wrapper block__wrapper  et_pb_wly_text_2\n            mobile-- tablet--off desktop--off\"\n     id=\"\">\n    <div class=\"container\">\n        <div class=\"row\">\n            <div class=\"col s12 l10 xl8  offset-l1 offset-xl2 \">\n                                    <h2><strong>Strategiefragen f\u00fcr das digitale Zeitalter<\/strong><\/h2>\n<ol>\n<li>Verf\u00fcgen Sie \u00fcber einen Datenmanagementplan \/ ein Datenkonzept (der\/das auch mit der GDPR-Gesetzgebung in Einklang steht)?<\/li>\n<li>Nutzen Sie vorhandene Daten strategisch und gewinnbringend?<\/li>\n<li>Verf\u00fcgen Sie \u00fcber qualitativ hochwertige Daten, um effizient zu arbeiten und Prozesse automatisieren zu k\u00f6nnen?<\/li>\n<\/ol>\n                            <\/div>\n        <\/div>\n    <\/div>\n<\/div>\n\n\t\t\t<\/div>\n\t\t\t\t\n\t\t\t\t\n\t\t\t\t\n\t\t\t\t\n\t\t\t<\/div>\n\t\t\t\t<\/div>\n\t\t\t<\/div><div class=\"et_pb_row et_pb_row_2  et_pb_css_mix_blend_mode\">\n\t\t\t\t\n\t\t\t\t\n\t\t\t\t\n\t\t\t\t\n\t\t\t\t\n\t\t\t\t\n\t\t\t\t<div class=\"et_pb_module_inner\">\n\t\t\t\t\t<div class=\"row et_pb_row et_pb_row_2  et_pb_css_mix_blend_mode\">\n\t\t\t\t<div class=\"et_pb_column et_pb_column_1_1 s12 col bg--white et_pb_column_2  et_pb_css_mix_blend_mode et-last-child\">\n\t\t\t\t\n\t\t\t\t\n\t\t\t\t\n\t\t\t\t\n\t\t\t\t<div class=\"et_pb_text text__wrapper block__wrapper  et_pb_wly_text_3\n            mobile-- tablet--off desktop--off\"\n     id=\"\">\n    <div class=\"container\">\n        <div class=\"row\">\n            <div class=\"col s12 l10 xl8  offset-l1 offset-xl2 \">\n                                    <h2><strong>Weitere Informationen:<\/strong><\/h2>\n<ul>\n<li><a href=\"https:\/\/www.rochester-bern.ch\/de\/programs\/cas-digital-acceleration-and-ai\/\" target=\"_blank\" rel=\"noopener\">Der neue Studiengang \u00abDigital Acceleration &amp; AI\u00bb f\u00fcr Kader und VR<\/a><\/li>\n<li><a href=\"https:\/\/www.youtube.com\/watch?v=W4Fzyt_3OYc\" target=\"_blank\" rel=\"noopener\">Erkl\u00e4rungsvideo (Daten und die Cloud) auf YouTube<\/a><a href=\"https:\/\/www.youtube.com\/watch?v=W4Fzyt_3OYc\"><\/a><\/li>\n<li><a href=\"https:\/\/digitaler-masterplan.ch\/\" target=\"_blank\" rel=\"noopener\">Das neue Buch von Marc K. Peter zur digitalen Transformation<\/a><a href=\"https:\/\/digitaler-masterplan.ch\/\"><\/a><\/li>\n<\/ul>\n                            <\/div>\n        <\/div>\n    <\/div>\n<\/div>\n\n\t\t\t<\/div>\n\t\t\t\t\n\t\t\t\t\n\t\t\t\t\n\t\t\t\t\n\t\t\t<\/div>\n\t\t\t\t<\/div>\n\t\t\t<\/div>\n\t\t\t\t\n\t\t\t\t\n\t\t\t    <\/div>\n\t\t\t<\/div>\n\t\t\t\t<\/div>\n\t\t\t<\/div>\n","protected":false},"excerpt":{"rendered":"Daten sind das Herzst\u00fcck der operativen und strategischen Transformation des Unternehmens. Eine Daten\u00fcbersicht bietet Unternehmen einen Ausgangspunkt f\u00fcr die Nutzung von Daten zur Prozessoptimierung, Automatisierung, KI und f\u00fcr neue Gesch\u00e4ftsideen. Gleichzeitig hilft ein Daten-Framework bei der Unterst\u00fctzung von Datenqualit\u00e4t und Datensicherheit. ","protected":false},"author":7,"featured_media":13225,"comment_status":"closed","ping_status":"closed","sticky":false,"template":"","format":"standard","meta":{"_acf_changed":false,"_et_pb_use_builder":"on","_et_pb_old_content":"","_et_gb_content_width":"","inline_featured_image":false,"footnotes":""},"tags":[332],"language":[31],"topic":[125,353],"class_list":["post-13235","post","type-post","status-publish","format-standard","has-post-thumbnail","hentry","tag-neue-technologien","language-englisch","topic-karriere","topic-neue-technologien"],"acf":[],"yoast_head":"<!-- This site is optimized with the Yoast SEO plugin v27.2 - https:\/\/yoast.com\/product\/yoast-seo-wordpress\/ -->\n<title>Daten und die Cloud<\/title>\n<meta name=\"description\" content=\"Daten sind das Herzst\u00fcck der operativen und strategischen Transformation des Unternehmens. Eine Daten\u00fcbersicht ist der erste Schritt.\" \/>\n<meta name=\"robots\" content=\"index, follow, max-snippet:-1, max-image-preview:large, max-video-preview:-1\" \/>\n<link rel=\"canonical\" href=\"https:\/\/www.rochester-bern.ch\/de\/blog\/daten-und-die-cloud\/\" \/>\n<meta property=\"og:locale\" content=\"de_DE\" \/>\n<meta property=\"og:type\" content=\"article\" \/>\n<meta property=\"og:title\" content=\"Daten und die Cloud\" \/>\n<meta property=\"og:description\" content=\"Daten sind das Herzst\u00fcck der operativen und strategischen Transformation des Unternehmens. Eine Daten\u00fcbersicht ist der erste Schritt.\" \/>\n<meta property=\"og:url\" content=\"https:\/\/www.rochester-bern.ch\/de\/blog\/daten-und-die-cloud\/\" \/>\n<meta property=\"og:site_name\" content=\"Rochester-Bern\" \/>\n<meta property=\"article:published_time\" content=\"2024-11-19T12:33:09+00:00\" \/>\n<meta property=\"article:modified_time\" content=\"2025-03-05T09:18:49+00:00\" \/>\n<meta property=\"og:image\" content=\"https:\/\/www.rochester-bern.ch\/app\/uploads\/2024\/11\/DE-Beitrag-6.jpg\" \/>\n\t<meta property=\"og:image:width\" content=\"1004\" \/>\n\t<meta property=\"og:image:height\" content=\"650\" \/>\n\t<meta property=\"og:image:type\" content=\"image\/jpeg\" \/>\n<meta name=\"author\" content=\"Jessica Siegenthaler\" \/>\n<meta name=\"twitter:card\" content=\"summary_large_image\" \/>\n<meta name=\"twitter:label1\" content=\"Verfasst von\" \/>\n\t<meta name=\"twitter:data1\" content=\"Jessica Siegenthaler\" \/>\n\t<meta name=\"twitter:label2\" content=\"Gesch\u00e4tzte Lesezeit\" \/>\n\t<meta name=\"twitter:data2\" content=\"3\u00a0Minuten\" \/>\n<script type=\"application\/ld+json\" class=\"yoast-schema-graph\">{\"@context\":\"https:\/\/schema.org\",\"@graph\":[{\"@type\":[\"Article\",\"BlogPosting\"],\"@id\":\"https:\/\/www.rochester-bern.ch\/de\/blog\/daten-und-die-cloud\/#article\",\"isPartOf\":{\"@id\":\"https:\/\/www.rochester-bern.ch\/de\/blog\/daten-und-die-cloud\/\"},\"author\":{\"name\":\"Jessica Siegenthaler\",\"@id\":\"https:\/\/rochester.incms.net\/#\/schema\/person\/c12d1889774f12098ebf59f51b327619\"},\"headline\":\"Digitales Handlungsfeld 3: Daten und die Cloud\",\"datePublished\":\"2024-11-19T12:33:09+00:00\",\"dateModified\":\"2025-03-05T09:18:49+00:00\",\"mainEntityOfPage\":{\"@id\":\"https:\/\/www.rochester-bern.ch\/de\/blog\/daten-und-die-cloud\/\"},\"wordCount\":811,\"image\":{\"@id\":\"https:\/\/www.rochester-bern.ch\/de\/blog\/daten-und-die-cloud\/#primaryimage\"},\"thumbnailUrl\":\"https:\/\/www.rochester-bern.ch\/app\/uploads\/2024\/11\/DE-Beitrag-6.jpg\",\"keywords\":[\"Neue Technologien\"],\"inLanguage\":\"de\"},{\"@type\":\"WebPage\",\"@id\":\"https:\/\/www.rochester-bern.ch\/de\/blog\/daten-und-die-cloud\/\",\"url\":\"https:\/\/www.rochester-bern.ch\/de\/blog\/daten-und-die-cloud\/\",\"name\":\"Daten und die Cloud\",\"isPartOf\":{\"@id\":\"https:\/\/rochester.incms.net\/#website\"},\"primaryImageOfPage\":{\"@id\":\"https:\/\/www.rochester-bern.ch\/de\/blog\/daten-und-die-cloud\/#primaryimage\"},\"image\":{\"@id\":\"https:\/\/www.rochester-bern.ch\/de\/blog\/daten-und-die-cloud\/#primaryimage\"},\"thumbnailUrl\":\"https:\/\/www.rochester-bern.ch\/app\/uploads\/2024\/11\/DE-Beitrag-6.jpg\",\"datePublished\":\"2024-11-19T12:33:09+00:00\",\"dateModified\":\"2025-03-05T09:18:49+00:00\",\"author\":{\"@id\":\"https:\/\/rochester.incms.net\/#\/schema\/person\/c12d1889774f12098ebf59f51b327619\"},\"description\":\"Daten sind das Herzst\u00fcck der operativen und strategischen Transformation des Unternehmens. Eine Daten\u00fcbersicht ist der erste Schritt.\",\"breadcrumb\":{\"@id\":\"https:\/\/www.rochester-bern.ch\/de\/blog\/daten-und-die-cloud\/#breadcrumb\"},\"inLanguage\":\"de\",\"potentialAction\":[{\"@type\":\"ReadAction\",\"target\":[\"https:\/\/www.rochester-bern.ch\/de\/blog\/daten-und-die-cloud\/\"]}]},{\"@type\":\"ImageObject\",\"inLanguage\":\"de\",\"@id\":\"https:\/\/www.rochester-bern.ch\/de\/blog\/daten-und-die-cloud\/#primaryimage\",\"url\":\"https:\/\/www.rochester-bern.ch\/app\/uploads\/2024\/11\/DE-Beitrag-6.jpg\",\"contentUrl\":\"https:\/\/www.rochester-bern.ch\/app\/uploads\/2024\/11\/DE-Beitrag-6.jpg\",\"width\":1004,\"height\":650,\"caption\":\"Daten und die Cloud\"},{\"@type\":\"BreadcrumbList\",\"@id\":\"https:\/\/www.rochester-bern.ch\/de\/blog\/daten-und-die-cloud\/#breadcrumb\",\"itemListElement\":[{\"@type\":\"ListItem\",\"position\":1,\"name\":\"Home\",\"item\":\"https:\/\/www.rochester-bern.ch\/de\/\"},{\"@type\":\"ListItem\",\"position\":2,\"name\":\"Digitales Handlungsfeld 3: Daten und die Cloud\"}]},{\"@type\":\"WebSite\",\"@id\":\"https:\/\/rochester.incms.net\/#website\",\"url\":\"https:\/\/rochester.incms.net\/\",\"name\":\"Rochester-Bern\",\"description\":\"Executive Programs - further Education for Executives\",\"potentialAction\":[{\"@type\":\"SearchAction\",\"target\":{\"@type\":\"EntryPoint\",\"urlTemplate\":\"https:\/\/rochester.incms.net\/?s={search_term_string}\"},\"query-input\":{\"@type\":\"PropertyValueSpecification\",\"valueRequired\":true,\"valueName\":\"search_term_string\"}}],\"inLanguage\":\"de\"},{\"@type\":\"Person\",\"@id\":\"https:\/\/rochester.incms.net\/#\/schema\/person\/c12d1889774f12098ebf59f51b327619\",\"name\":\"Jessica Siegenthaler\"}]}<\/script>\n<!-- \/ Yoast SEO plugin. -->","yoast_head_json":{"title":"Daten und die Cloud","description":"Daten sind das Herzst\u00fcck der operativen und strategischen Transformation des Unternehmens. Eine Daten\u00fcbersicht ist der erste Schritt.","robots":{"index":"index","follow":"follow","max-snippet":"max-snippet:-1","max-image-preview":"max-image-preview:large","max-video-preview":"max-video-preview:-1"},"canonical":"https:\/\/www.rochester-bern.ch\/de\/blog\/daten-und-die-cloud\/","og_locale":"de_DE","og_type":"article","og_title":"Daten und die Cloud","og_description":"Daten sind das Herzst\u00fcck der operativen und strategischen Transformation des Unternehmens. Eine Daten\u00fcbersicht ist der erste Schritt.","og_url":"https:\/\/www.rochester-bern.ch\/de\/blog\/daten-und-die-cloud\/","og_site_name":"Rochester-Bern","article_published_time":"2024-11-19T12:33:09+00:00","article_modified_time":"2025-03-05T09:18:49+00:00","og_image":[{"width":1004,"height":650,"url":"https:\/\/www.rochester-bern.ch\/app\/uploads\/2024\/11\/DE-Beitrag-6.jpg","type":"image\/jpeg"}],"author":"Jessica Siegenthaler","twitter_card":"summary_large_image","twitter_misc":{"Verfasst von":"Jessica Siegenthaler","Gesch\u00e4tzte Lesezeit":"3\u00a0Minuten"},"schema":{"@context":"https:\/\/schema.org","@graph":[{"@type":["Article","BlogPosting"],"@id":"https:\/\/www.rochester-bern.ch\/de\/blog\/daten-und-die-cloud\/#article","isPartOf":{"@id":"https:\/\/www.rochester-bern.ch\/de\/blog\/daten-und-die-cloud\/"},"author":{"name":"Jessica Siegenthaler","@id":"https:\/\/rochester.incms.net\/#\/schema\/person\/c12d1889774f12098ebf59f51b327619"},"headline":"Digitales Handlungsfeld 3: Daten und die Cloud","datePublished":"2024-11-19T12:33:09+00:00","dateModified":"2025-03-05T09:18:49+00:00","mainEntityOfPage":{"@id":"https:\/\/www.rochester-bern.ch\/de\/blog\/daten-und-die-cloud\/"},"wordCount":811,"image":{"@id":"https:\/\/www.rochester-bern.ch\/de\/blog\/daten-und-die-cloud\/#primaryimage"},"thumbnailUrl":"https:\/\/www.rochester-bern.ch\/app\/uploads\/2024\/11\/DE-Beitrag-6.jpg","keywords":["Neue Technologien"],"inLanguage":"de"},{"@type":"WebPage","@id":"https:\/\/www.rochester-bern.ch\/de\/blog\/daten-und-die-cloud\/","url":"https:\/\/www.rochester-bern.ch\/de\/blog\/daten-und-die-cloud\/","name":"Daten und die Cloud","isPartOf":{"@id":"https:\/\/rochester.incms.net\/#website"},"primaryImageOfPage":{"@id":"https:\/\/www.rochester-bern.ch\/de\/blog\/daten-und-die-cloud\/#primaryimage"},"image":{"@id":"https:\/\/www.rochester-bern.ch\/de\/blog\/daten-und-die-cloud\/#primaryimage"},"thumbnailUrl":"https:\/\/www.rochester-bern.ch\/app\/uploads\/2024\/11\/DE-Beitrag-6.jpg","datePublished":"2024-11-19T12:33:09+00:00","dateModified":"2025-03-05T09:18:49+00:00","author":{"@id":"https:\/\/rochester.incms.net\/#\/schema\/person\/c12d1889774f12098ebf59f51b327619"},"description":"Daten sind das Herzst\u00fcck der operativen und strategischen Transformation des Unternehmens. Eine Daten\u00fcbersicht ist der erste Schritt.","breadcrumb":{"@id":"https:\/\/www.rochester-bern.ch\/de\/blog\/daten-und-die-cloud\/#breadcrumb"},"inLanguage":"de","potentialAction":[{"@type":"ReadAction","target":["https:\/\/www.rochester-bern.ch\/de\/blog\/daten-und-die-cloud\/"]}]},{"@type":"ImageObject","inLanguage":"de","@id":"https:\/\/www.rochester-bern.ch\/de\/blog\/daten-und-die-cloud\/#primaryimage","url":"https:\/\/www.rochester-bern.ch\/app\/uploads\/2024\/11\/DE-Beitrag-6.jpg","contentUrl":"https:\/\/www.rochester-bern.ch\/app\/uploads\/2024\/11\/DE-Beitrag-6.jpg","width":1004,"height":650,"caption":"Daten und die Cloud"},{"@type":"BreadcrumbList","@id":"https:\/\/www.rochester-bern.ch\/de\/blog\/daten-und-die-cloud\/#breadcrumb","itemListElement":[{"@type":"ListItem","position":1,"name":"Home","item":"https:\/\/www.rochester-bern.ch\/de\/"},{"@type":"ListItem","position":2,"name":"Digitales Handlungsfeld 3: Daten und die Cloud"}]},{"@type":"WebSite","@id":"https:\/\/rochester.incms.net\/#website","url":"https:\/\/rochester.incms.net\/","name":"Rochester-Bern","description":"Executive Programs - further Education for Executives","potentialAction":[{"@type":"SearchAction","target":{"@type":"EntryPoint","urlTemplate":"https:\/\/rochester.incms.net\/?s={search_term_string}"},"query-input":{"@type":"PropertyValueSpecification","valueRequired":true,"valueName":"search_term_string"}}],"inLanguage":"de"},{"@type":"Person","@id":"https:\/\/rochester.incms.net\/#\/schema\/person\/c12d1889774f12098ebf59f51b327619","name":"Jessica Siegenthaler"}]}},"_links":{"self":[{"href":"https:\/\/www.rochester-bern.ch\/de\/wp-json\/wp\/v2\/posts\/13235","targetHints":{"allow":["GET"]}}],"collection":[{"href":"https:\/\/www.rochester-bern.ch\/de\/wp-json\/wp\/v2\/posts"}],"about":[{"href":"https:\/\/www.rochester-bern.ch\/de\/wp-json\/wp\/v2\/types\/post"}],"author":[{"embeddable":true,"href":"https:\/\/www.rochester-bern.ch\/de\/wp-json\/wp\/v2\/users\/7"}],"replies":[{"embeddable":true,"href":"https:\/\/www.rochester-bern.ch\/de\/wp-json\/wp\/v2\/comments?post=13235"}],"version-history":[{"count":13,"href":"https:\/\/www.rochester-bern.ch\/de\/wp-json\/wp\/v2\/posts\/13235\/revisions"}],"predecessor-version":[{"id":14675,"href":"https:\/\/www.rochester-bern.ch\/de\/wp-json\/wp\/v2\/posts\/13235\/revisions\/14675"}],"wp:featuredmedia":[{"embeddable":true,"href":"https:\/\/www.rochester-bern.ch\/de\/wp-json\/wp\/v2\/media\/13225"}],"wp:attachment":[{"href":"https:\/\/www.rochester-bern.ch\/de\/wp-json\/wp\/v2\/media?parent=13235"}],"wp:term":[{"taxonomy":"post_tag","embeddable":true,"href":"https:\/\/www.rochester-bern.ch\/de\/wp-json\/wp\/v2\/tags?post=13235"},{"taxonomy":"language","embeddable":true,"href":"https:\/\/www.rochester-bern.ch\/de\/wp-json\/wp\/v2\/language?post=13235"},{"taxonomy":"topic","embeddable":true,"href":"https:\/\/www.rochester-bern.ch\/de\/wp-json\/wp\/v2\/topic?post=13235"}],"curies":[{"name":"wp","href":"https:\/\/api.w.org\/{rel}","templated":true}]}}