{"id":13846,"date":"2025-01-23T13:55:30","date_gmt":"2025-01-23T13:55:30","guid":{"rendered":"https:\/\/www.rochester-bern.ch\/?p=13846"},"modified":"2025-02-03T13:43:07","modified_gmt":"2025-02-03T13:43:07","slug":"diversitaetsfoerdernde-fuehrungsmassnahmen-bei-der-post","status":"publish","type":"post","link":"https:\/\/www.rochester-bern.ch\/de\/blog\/diversitaetsfoerdernde-fuehrungsmassnahmen-bei-der-post\/","title":{"rendered":"Diversit\u00e4tsf\u00f6rdernde F\u00fchrungsmassnahmen bei der Post"},"content":{"rendered":"<div class=\"et_pb_section et_pb_section_0  et_pb_css_mix_blend_mode et_section_regular et_section_transparent\">\n\t\t\t\t\n\t\t\t\t\n\t\t\t\t\n\t\t\t\t\n\t\t\t\t\n\t\t\t\t\n\t\t\t\t<div class=\"et_pb_module_inner\">\n\t\t\t\t\t<div class=\"et_pb_section et_pb_section_0  et_pb_css_mix_blend_mode et_section_regular et_section_transparent\" >\n            <div >\n\t\t\t\t\n\t\t\t\t\n\t\t\t\t\n\t\t\t\t\n\t\t\t\t\n\t\t\t\t\n\t\t\t\t<div class=\"et_pb_row et_pb_row_0  et_pb_css_mix_blend_mode\">\n\t\t\t\t\n\t\t\t\t\n\t\t\t\t\n\t\t\t\t\n\t\t\t\t\n\t\t\t\t\n\t\t\t\t<div class=\"et_pb_module_inner\">\n\t\t\t\t\t<div class=\"row et_pb_row et_pb_row_0  et_pb_css_mix_blend_mode\">\n\t\t\t\t<div class=\"et_pb_column et_pb_column_1_1 s12 col bg--white et_pb_column_0  et_pb_css_mix_blend_mode et-last-child\">\n\t\t\t\t\n\t\t\t\t\n\t\t\t\t\n\t\t\t\t\n\t\t\t\t<div class=\"et_pb_text text__wrapper block__wrapper  et_pb_wly_text_0\n            mobile-- tablet--off desktop--off\"\n     id=\"\">\n    <div class=\"container\">\n        <div class=\"row\">\n            <div class=\"col s12 l10 xl8  offset-l1 offset-xl2 \">\n                                    <p>Matthias G\u00e4hwiler ist Lead Vielfalt &amp; Inklusion bei der <a href=\"https:\/\/www.post.ch\/de\" target=\"_blank\" rel=\"noopener\">Post<\/a>. Im <a href=\"https:\/\/www.rochester-bern.ch\/de\/programs\/cas-leadership-inclusion\/\" target=\"_blank\" rel=\"noopener\">CAS Leadership &amp; Inclusion<\/a> hat er einige Erfolgsrezepte der Post f\u00fcr eine diversit\u00e4tsf\u00f6rdernde F\u00fchrung weitergegeben. Inklusion ist bei der Post dann erreicht, wenn alle Menschen selbstverst\u00e4ndlich und voll integriert in ihrem Arbeitsumfeld agieren. Wichtige Indikatoren daf\u00fcr sind das Zugeh\u00f6rigkeitsgef\u00fchl und die wahrgenommene Wertsch\u00e4tzung der Mitarbeitenden. Um dieses Ziel zu erreichen, unterteilt das Unternehmen die F\u00f6rderung der Vielfalt in sechs Dimensionen:\u00a0 Beeintr\u00e4chtigung, Generation, Sprache, Geschlecht, Herkunft und Weltanschauung.<\/p>\n<p>Die F\u00f6rderung der Vielfalt ist ein kontinuierlicher Prozess, der laufend optimiert wird. Schon heute ist das Unternehmen sehr vielf\u00e4ltig: 46&#8217;500 Menschen arbeiten bei der Post. Darunter 143 verschiedene Nationalit\u00e4ten mit 76 Muttersprachen. 39 Prozent der Mitarbeitenden sind Frauen. Das Unternehmen arbeitet daran, den Frauenanteil im Kader weiter zu erh\u00f6hen, den Anteil von nicht deutschsprachigen Personen im Kader zu steigern und die Kaderziele in allen Gesch\u00e4ftseinheiten zu verankern.<\/p>\n<h2>Rahmenbedingungen<\/h2>\n<p>Um Vielfalt und Inklusion zu f\u00f6rdern, schafft das Unternehmen entsprechende Rahmenbedingungen: Es legt grossen Wert auf familienfreundliche Strukturen, hat Lohntransparenz, erm\u00f6glicht flexible Arbeitszeitmodelle, f\u00f6rdert Teilzeitarbeit und Jobsharing sowie Co-Leadership.<\/p>\n<p>G\u00e4hwiler erkl\u00e4rt, dass bereits bei der Rekrutierung auf diese Aspekte geachtet wird, was mit \u00abKleinigkeiten\u00bb wie geschlechtergerechter Sprache, Ausschreibung aller Stellen mit Teilzeitm\u00f6glichkeit und dem Hinweis, dass Frauen aufgrund der Geschlechtervielfalt besonders willkommen sind, beginnt. Dar\u00fcber hinaus ber\u00fccksichtigt die Post nicht nur Bewerberinnen und Bewerber, die bereits alle Anforderungen des Jobs erf\u00fcllen, sondern w\u00e4hlt bewusst auch Personen aus, die sich noch weiterentwickeln k\u00f6nnen. \u00abGerade die Hard Skills k\u00f6nnen die Mitarbeitenden lernen und wir bieten ihnen hier die Chance, sich weiterzuentwickeln\u00bb, sagt G\u00e4hwiler.<\/p>\n<p>Da sich der Fachkr\u00e4ftemangel aufgrund der demografischen Entwicklung in den n\u00e4chsten Jahren weiter versch\u00e4rfen wird, legt die Post auch grossen Wert auf die Nachwuchsplanung. Zu diesem Zweck gibt es eine Person, die nur daf\u00fcr zust\u00e4ndig ist und in Form einer Pipeline den Nachwuchs sicherstellt.<\/p>\n<h2>Schwerpunkt Co-Leitung<\/h2>\n<p>Bei der Post gibt es rund 97 Co-Leadership-Paare. Die Co-Leitung ist ein Fokusthema, denn es ist eine Tatsache, dass in der Schweiz immer noch viele Frauen Teilzeit arbeiten, und dies ist eine M\u00f6glichkeit, mehr Frauen zu rekrutieren. Im Jahr 2022 wurden noch immer 72 Prozent der Teilzeitstellen von Frauen besetzt. Nach den Erfahrungen des Unternehmens \u00fcberwiegen die Vorteile der Co-Leitung gegen\u00fcber den Nachteilen. Wichtig f\u00fcr den Erfolg sind Offenheit, Flexibilit\u00e4t und Kreativit\u00e4t. \u00abEs gibt kein Modell, das auf alle Co-Leitungen angewendet werden kann. Am besten ist es immer, die Leute zu fragen, was sie brauchen\u00bb, sagt G\u00e4hwiler.<\/p>\n<p>Die Chancen der Co-Leitung liegen u.a. darin, dass die Personen \u00fcber ein gr\u00f6sseres berufliches Netzwerk verf\u00fcgen, dass mehr Fachkompetenz in das Unternehmen kommt, mehr Kapazit\u00e4ten f\u00fcr die Personalentwicklung vorhanden sind, es jeweils eine Vertretung bei Abwesenheit gibt, die Mitarbeiterinnen und Mitarbeiter zwei Ansprechpartner\/-innen haben, fundiertere Entscheidungen getroffen werden und die Attraktivit\u00e4t des Arbeitgebers steigt.<\/p>\n<p>Die Herausforderungen, auf die sich das Unternehmen einstellen muss, sind h\u00f6here Fixkosten, ein komplexerer Rekrutierungsprozess, es braucht eine strukturiertere Arbeitsweise, die Nachbesetzung wird schwieriger, die Abbildung in SAP kann problematisch sein, es bedarf guter Kommunikationsf\u00e4higkeiten und das Onboarding dauert l\u00e4nger. \u00a0\u00abWichtig ist jeweils ein ehrlicher Dialog\u00bb schliesst G\u00e4hwiler und beendet damit seinen Einblick in die Praxis.<\/p>\n                            <\/div>\n        <\/div>\n    <\/div>\n<\/div>\n\n\t\t\t<\/div>\n\t\t\t\t\n\t\t\t\t\n\t\t\t\t\n\t\t\t\t\n\t\t\t<\/div>\n\t\t\t\t<\/div>\n\t\t\t<\/div>\n\t\t\t\t\n\t\t\t\t\n\t\t\t    <\/div>\n\t\t\t<\/div>\n\t\t\t\t<\/div>\n\t\t\t<\/div>\n","protected":false},"excerpt":{"rendered":"Ein Einblick in die Praxis, wie Unternehmen Vielfalt und Inklusion f\u00f6rdern, um als Arbeitgeber attraktiv zu bleiben. ","protected":false},"author":7,"featured_media":13851,"comment_status":"closed","ping_status":"closed","sticky":false,"template":"","format":"standard","meta":{"_acf_changed":false,"_et_pb_use_builder":"on","_et_pb_old_content":"","_et_gb_content_width":"","inline_featured_image":false,"footnotes":""},"tags":[127,262],"language":[32],"topic":[183,125],"class_list":["post-13846","post","type-post","status-publish","format-standard","has-post-thumbnail","hentry","tag-karriere","tag-fuehrung","language-deutsch","topic-leadership-and-inclusion","topic-karriere"],"acf":[],"yoast_head":"<!-- This site is optimized with the Yoast SEO plugin v27.2 - https:\/\/yoast.com\/product\/yoast-seo-wordpress\/ -->\n<title>Diversit\u00e4t bei der Post<\/title>\n<meta name=\"description\" content=\"Diversit\u00e4t bei der Post: Wie Unternehmen Diversit\u00e4t und Inklusion f\u00f6rdern, um als Arbeitgeber attraktiv zu bleiben.\" \/>\n<meta name=\"robots\" content=\"index, follow, max-snippet:-1, max-image-preview:large, max-video-preview:-1\" \/>\n<link rel=\"canonical\" href=\"https:\/\/www.rochester-bern.ch\/de\/blog\/diversitaetsfoerdernde-fuehrungsmassnahmen-bei-der-post\/\" \/>\n<meta property=\"og:locale\" content=\"de_DE\" \/>\n<meta property=\"og:type\" content=\"article\" \/>\n<meta property=\"og:title\" content=\"Diversit\u00e4t bei der Post\" \/>\n<meta property=\"og:description\" content=\"Diversit\u00e4t bei der Post: Wie Unternehmen Diversit\u00e4t und Inklusion f\u00f6rdern, um als Arbeitgeber attraktiv zu bleiben.\" \/>\n<meta property=\"og:url\" content=\"https:\/\/www.rochester-bern.ch\/de\/blog\/diversitaetsfoerdernde-fuehrungsmassnahmen-bei-der-post\/\" \/>\n<meta property=\"og:site_name\" content=\"Rochester-Bern\" \/>\n<meta property=\"article:published_time\" content=\"2025-01-23T13:55:30+00:00\" \/>\n<meta property=\"article:modified_time\" content=\"2025-02-03T13:43:07+00:00\" \/>\n<meta property=\"og:image\" content=\"https:\/\/www.rochester-bern.ch\/app\/uploads\/2025\/01\/Screenshot-2024-08-07-132648.png\" \/>\n\t<meta property=\"og:image:width\" content=\"483\" \/>\n\t<meta property=\"og:image:height\" content=\"544\" \/>\n\t<meta property=\"og:image:type\" content=\"image\/png\" \/>\n<meta name=\"author\" content=\"Jessica Siegenthaler\" \/>\n<meta name=\"twitter:card\" content=\"summary_large_image\" \/>\n<meta name=\"twitter:label1\" content=\"Verfasst von\" \/>\n\t<meta name=\"twitter:data1\" content=\"Jessica Siegenthaler\" \/>\n\t<meta name=\"twitter:label2\" content=\"Gesch\u00e4tzte Lesezeit\" \/>\n\t<meta name=\"twitter:data2\" content=\"3\u00a0Minuten\" \/>\n<script type=\"application\/ld+json\" class=\"yoast-schema-graph\">{\"@context\":\"https:\/\/schema.org\",\"@graph\":[{\"@type\":[\"Article\",\"BlogPosting\"],\"@id\":\"https:\/\/www.rochester-bern.ch\/de\/blog\/diversitaetsfoerdernde-fuehrungsmassnahmen-bei-der-post\/#article\",\"isPartOf\":{\"@id\":\"https:\/\/www.rochester-bern.ch\/de\/blog\/diversitaetsfoerdernde-fuehrungsmassnahmen-bei-der-post\/\"},\"author\":{\"name\":\"Jessica Siegenthaler\",\"@id\":\"https:\/\/rochester.incms.net\/#\/schema\/person\/c12d1889774f12098ebf59f51b327619\"},\"headline\":\"Diversit\u00e4tsf\u00f6rdernde F\u00fchrungsmassnahmen bei der Post\",\"datePublished\":\"2025-01-23T13:55:30+00:00\",\"dateModified\":\"2025-02-03T13:43:07+00:00\",\"mainEntityOfPage\":{\"@id\":\"https:\/\/www.rochester-bern.ch\/de\/blog\/diversitaetsfoerdernde-fuehrungsmassnahmen-bei-der-post\/\"},\"wordCount\":636,\"image\":{\"@id\":\"https:\/\/www.rochester-bern.ch\/de\/blog\/diversitaetsfoerdernde-fuehrungsmassnahmen-bei-der-post\/#primaryimage\"},\"thumbnailUrl\":\"https:\/\/www.rochester-bern.ch\/app\/uploads\/2025\/01\/Screenshot-2024-08-07-132648.png\",\"keywords\":[\"Karriere\",\"F\u00fchrung\"],\"inLanguage\":\"de\"},{\"@type\":\"WebPage\",\"@id\":\"https:\/\/www.rochester-bern.ch\/de\/blog\/diversitaetsfoerdernde-fuehrungsmassnahmen-bei-der-post\/\",\"url\":\"https:\/\/www.rochester-bern.ch\/de\/blog\/diversitaetsfoerdernde-fuehrungsmassnahmen-bei-der-post\/\",\"name\":\"Diversit\u00e4t bei der Post\",\"isPartOf\":{\"@id\":\"https:\/\/rochester.incms.net\/#website\"},\"primaryImageOfPage\":{\"@id\":\"https:\/\/www.rochester-bern.ch\/de\/blog\/diversitaetsfoerdernde-fuehrungsmassnahmen-bei-der-post\/#primaryimage\"},\"image\":{\"@id\":\"https:\/\/www.rochester-bern.ch\/de\/blog\/diversitaetsfoerdernde-fuehrungsmassnahmen-bei-der-post\/#primaryimage\"},\"thumbnailUrl\":\"https:\/\/www.rochester-bern.ch\/app\/uploads\/2025\/01\/Screenshot-2024-08-07-132648.png\",\"datePublished\":\"2025-01-23T13:55:30+00:00\",\"dateModified\":\"2025-02-03T13:43:07+00:00\",\"author\":{\"@id\":\"https:\/\/rochester.incms.net\/#\/schema\/person\/c12d1889774f12098ebf59f51b327619\"},\"description\":\"Diversit\u00e4t bei der Post: Wie Unternehmen Diversit\u00e4t und Inklusion f\u00f6rdern, um als Arbeitgeber attraktiv zu bleiben.\",\"breadcrumb\":{\"@id\":\"https:\/\/www.rochester-bern.ch\/de\/blog\/diversitaetsfoerdernde-fuehrungsmassnahmen-bei-der-post\/#breadcrumb\"},\"inLanguage\":\"de\",\"potentialAction\":[{\"@type\":\"ReadAction\",\"target\":[\"https:\/\/www.rochester-bern.ch\/de\/blog\/diversitaetsfoerdernde-fuehrungsmassnahmen-bei-der-post\/\"]}]},{\"@type\":\"ImageObject\",\"inLanguage\":\"de\",\"@id\":\"https:\/\/www.rochester-bern.ch\/de\/blog\/diversitaetsfoerdernde-fuehrungsmassnahmen-bei-der-post\/#primaryimage\",\"url\":\"https:\/\/www.rochester-bern.ch\/app\/uploads\/2025\/01\/Screenshot-2024-08-07-132648.png\",\"contentUrl\":\"https:\/\/www.rochester-bern.ch\/app\/uploads\/2025\/01\/Screenshot-2024-08-07-132648.png\",\"width\":483,\"height\":544,\"caption\":\"Matthias G\u00e4hwiler\"},{\"@type\":\"BreadcrumbList\",\"@id\":\"https:\/\/www.rochester-bern.ch\/de\/blog\/diversitaetsfoerdernde-fuehrungsmassnahmen-bei-der-post\/#breadcrumb\",\"itemListElement\":[{\"@type\":\"ListItem\",\"position\":1,\"name\":\"Home\",\"item\":\"https:\/\/www.rochester-bern.ch\/de\/\"},{\"@type\":\"ListItem\",\"position\":2,\"name\":\"Diversit\u00e4tsf\u00f6rdernde F\u00fchrungsmassnahmen bei der Post\"}]},{\"@type\":\"WebSite\",\"@id\":\"https:\/\/rochester.incms.net\/#website\",\"url\":\"https:\/\/rochester.incms.net\/\",\"name\":\"Rochester-Bern\",\"description\":\"Executive Programs - further Education for Executives\",\"potentialAction\":[{\"@type\":\"SearchAction\",\"target\":{\"@type\":\"EntryPoint\",\"urlTemplate\":\"https:\/\/rochester.incms.net\/?s={search_term_string}\"},\"query-input\":{\"@type\":\"PropertyValueSpecification\",\"valueRequired\":true,\"valueName\":\"search_term_string\"}}],\"inLanguage\":\"de\"},{\"@type\":\"Person\",\"@id\":\"https:\/\/rochester.incms.net\/#\/schema\/person\/c12d1889774f12098ebf59f51b327619\",\"name\":\"Jessica Siegenthaler\"}]}<\/script>\n<!-- \/ Yoast SEO plugin. -->","yoast_head_json":{"title":"Diversit\u00e4t bei der Post","description":"Diversit\u00e4t bei der Post: Wie Unternehmen Diversit\u00e4t und Inklusion f\u00f6rdern, um als Arbeitgeber attraktiv zu bleiben.","robots":{"index":"index","follow":"follow","max-snippet":"max-snippet:-1","max-image-preview":"max-image-preview:large","max-video-preview":"max-video-preview:-1"},"canonical":"https:\/\/www.rochester-bern.ch\/de\/blog\/diversitaetsfoerdernde-fuehrungsmassnahmen-bei-der-post\/","og_locale":"de_DE","og_type":"article","og_title":"Diversit\u00e4t bei der Post","og_description":"Diversit\u00e4t bei der Post: Wie Unternehmen Diversit\u00e4t und Inklusion f\u00f6rdern, um als Arbeitgeber attraktiv zu bleiben.","og_url":"https:\/\/www.rochester-bern.ch\/de\/blog\/diversitaetsfoerdernde-fuehrungsmassnahmen-bei-der-post\/","og_site_name":"Rochester-Bern","article_published_time":"2025-01-23T13:55:30+00:00","article_modified_time":"2025-02-03T13:43:07+00:00","og_image":[{"width":483,"height":544,"url":"https:\/\/www.rochester-bern.ch\/app\/uploads\/2025\/01\/Screenshot-2024-08-07-132648.png","type":"image\/png"}],"author":"Jessica Siegenthaler","twitter_card":"summary_large_image","twitter_misc":{"Verfasst von":"Jessica Siegenthaler","Gesch\u00e4tzte Lesezeit":"3\u00a0Minuten"},"schema":{"@context":"https:\/\/schema.org","@graph":[{"@type":["Article","BlogPosting"],"@id":"https:\/\/www.rochester-bern.ch\/de\/blog\/diversitaetsfoerdernde-fuehrungsmassnahmen-bei-der-post\/#article","isPartOf":{"@id":"https:\/\/www.rochester-bern.ch\/de\/blog\/diversitaetsfoerdernde-fuehrungsmassnahmen-bei-der-post\/"},"author":{"name":"Jessica Siegenthaler","@id":"https:\/\/rochester.incms.net\/#\/schema\/person\/c12d1889774f12098ebf59f51b327619"},"headline":"Diversit\u00e4tsf\u00f6rdernde F\u00fchrungsmassnahmen bei der Post","datePublished":"2025-01-23T13:55:30+00:00","dateModified":"2025-02-03T13:43:07+00:00","mainEntityOfPage":{"@id":"https:\/\/www.rochester-bern.ch\/de\/blog\/diversitaetsfoerdernde-fuehrungsmassnahmen-bei-der-post\/"},"wordCount":636,"image":{"@id":"https:\/\/www.rochester-bern.ch\/de\/blog\/diversitaetsfoerdernde-fuehrungsmassnahmen-bei-der-post\/#primaryimage"},"thumbnailUrl":"https:\/\/www.rochester-bern.ch\/app\/uploads\/2025\/01\/Screenshot-2024-08-07-132648.png","keywords":["Karriere","F\u00fchrung"],"inLanguage":"de"},{"@type":"WebPage","@id":"https:\/\/www.rochester-bern.ch\/de\/blog\/diversitaetsfoerdernde-fuehrungsmassnahmen-bei-der-post\/","url":"https:\/\/www.rochester-bern.ch\/de\/blog\/diversitaetsfoerdernde-fuehrungsmassnahmen-bei-der-post\/","name":"Diversit\u00e4t bei der Post","isPartOf":{"@id":"https:\/\/rochester.incms.net\/#website"},"primaryImageOfPage":{"@id":"https:\/\/www.rochester-bern.ch\/de\/blog\/diversitaetsfoerdernde-fuehrungsmassnahmen-bei-der-post\/#primaryimage"},"image":{"@id":"https:\/\/www.rochester-bern.ch\/de\/blog\/diversitaetsfoerdernde-fuehrungsmassnahmen-bei-der-post\/#primaryimage"},"thumbnailUrl":"https:\/\/www.rochester-bern.ch\/app\/uploads\/2025\/01\/Screenshot-2024-08-07-132648.png","datePublished":"2025-01-23T13:55:30+00:00","dateModified":"2025-02-03T13:43:07+00:00","author":{"@id":"https:\/\/rochester.incms.net\/#\/schema\/person\/c12d1889774f12098ebf59f51b327619"},"description":"Diversit\u00e4t bei der Post: Wie Unternehmen Diversit\u00e4t und Inklusion f\u00f6rdern, um als Arbeitgeber attraktiv zu bleiben.","breadcrumb":{"@id":"https:\/\/www.rochester-bern.ch\/de\/blog\/diversitaetsfoerdernde-fuehrungsmassnahmen-bei-der-post\/#breadcrumb"},"inLanguage":"de","potentialAction":[{"@type":"ReadAction","target":["https:\/\/www.rochester-bern.ch\/de\/blog\/diversitaetsfoerdernde-fuehrungsmassnahmen-bei-der-post\/"]}]},{"@type":"ImageObject","inLanguage":"de","@id":"https:\/\/www.rochester-bern.ch\/de\/blog\/diversitaetsfoerdernde-fuehrungsmassnahmen-bei-der-post\/#primaryimage","url":"https:\/\/www.rochester-bern.ch\/app\/uploads\/2025\/01\/Screenshot-2024-08-07-132648.png","contentUrl":"https:\/\/www.rochester-bern.ch\/app\/uploads\/2025\/01\/Screenshot-2024-08-07-132648.png","width":483,"height":544,"caption":"Matthias G\u00e4hwiler"},{"@type":"BreadcrumbList","@id":"https:\/\/www.rochester-bern.ch\/de\/blog\/diversitaetsfoerdernde-fuehrungsmassnahmen-bei-der-post\/#breadcrumb","itemListElement":[{"@type":"ListItem","position":1,"name":"Home","item":"https:\/\/www.rochester-bern.ch\/de\/"},{"@type":"ListItem","position":2,"name":"Diversit\u00e4tsf\u00f6rdernde F\u00fchrungsmassnahmen bei der Post"}]},{"@type":"WebSite","@id":"https:\/\/rochester.incms.net\/#website","url":"https:\/\/rochester.incms.net\/","name":"Rochester-Bern","description":"Executive Programs - further Education for Executives","potentialAction":[{"@type":"SearchAction","target":{"@type":"EntryPoint","urlTemplate":"https:\/\/rochester.incms.net\/?s={search_term_string}"},"query-input":{"@type":"PropertyValueSpecification","valueRequired":true,"valueName":"search_term_string"}}],"inLanguage":"de"},{"@type":"Person","@id":"https:\/\/rochester.incms.net\/#\/schema\/person\/c12d1889774f12098ebf59f51b327619","name":"Jessica Siegenthaler"}]}},"_links":{"self":[{"href":"https:\/\/www.rochester-bern.ch\/de\/wp-json\/wp\/v2\/posts\/13846","targetHints":{"allow":["GET"]}}],"collection":[{"href":"https:\/\/www.rochester-bern.ch\/de\/wp-json\/wp\/v2\/posts"}],"about":[{"href":"https:\/\/www.rochester-bern.ch\/de\/wp-json\/wp\/v2\/types\/post"}],"author":[{"embeddable":true,"href":"https:\/\/www.rochester-bern.ch\/de\/wp-json\/wp\/v2\/users\/7"}],"replies":[{"embeddable":true,"href":"https:\/\/www.rochester-bern.ch\/de\/wp-json\/wp\/v2\/comments?post=13846"}],"version-history":[{"count":6,"href":"https:\/\/www.rochester-bern.ch\/de\/wp-json\/wp\/v2\/posts\/13846\/revisions"}],"predecessor-version":[{"id":13922,"href":"https:\/\/www.rochester-bern.ch\/de\/wp-json\/wp\/v2\/posts\/13846\/revisions\/13922"}],"wp:featuredmedia":[{"embeddable":true,"href":"https:\/\/www.rochester-bern.ch\/de\/wp-json\/wp\/v2\/media\/13851"}],"wp:attachment":[{"href":"https:\/\/www.rochester-bern.ch\/de\/wp-json\/wp\/v2\/media?parent=13846"}],"wp:term":[{"taxonomy":"post_tag","embeddable":true,"href":"https:\/\/www.rochester-bern.ch\/de\/wp-json\/wp\/v2\/tags?post=13846"},{"taxonomy":"language","embeddable":true,"href":"https:\/\/www.rochester-bern.ch\/de\/wp-json\/wp\/v2\/language?post=13846"},{"taxonomy":"topic","embeddable":true,"href":"https:\/\/www.rochester-bern.ch\/de\/wp-json\/wp\/v2\/topic?post=13846"}],"curies":[{"name":"wp","href":"https:\/\/api.w.org\/{rel}","templated":true}]}}