{"id":21032,"date":"2025-10-30T11:01:47","date_gmt":"2025-10-30T11:01:47","guid":{"rendered":"https:\/\/www.rochester-bern.ch\/?p=21032"},"modified":"2026-01-26T09:11:55","modified_gmt":"2026-01-26T09:11:55","slug":"weiterbildung-modular-digital-menschlich","status":"publish","type":"post","link":"https:\/\/www.rochester-bern.ch\/de\/blog\/weiterbildung-modular-digital-menschlich\/","title":{"rendered":"Weiterbildung heute: modular, digital, menschlich"},"content":{"rendered":"<div class=\"et_pb_section et_pb_section_0  et_pb_css_mix_blend_mode et_section_regular et_section_transparent\">\n\t\t\t\t\n\t\t\t\t\n\t\t\t\t\n\t\t\t\t\n\t\t\t\t\n\t\t\t\t\n\t\t\t\t<div class=\"et_pb_module_inner\">\n\t\t\t\t\t<div class=\"et_pb_section et_pb_section_0  et_pb_css_mix_blend_mode et_section_regular et_section_transparent\" >\n            <div >\n\t\t\t\t\n\t\t\t\t\n\t\t\t\t\n\t\t\t\t\n\t\t\t\t\n\t\t\t\t\n\t\t\t\t<div class=\"et_pb_row et_pb_row_0  et_pb_css_mix_blend_mode\">\n\t\t\t\t\n\t\t\t\t\n\t\t\t\t\n\t\t\t\t\n\t\t\t\t\n\t\t\t\t\n\t\t\t\t<div class=\"et_pb_module_inner\">\n\t\t\t\t\t<div class=\"row et_pb_row et_pb_row_0  et_pb_css_mix_blend_mode\">\n\t\t\t\t<div class=\"et_pb_column et_pb_column_1_1 s12 col bg--white et_pb_column_0  et_pb_css_mix_blend_mode et-last-child\">\n\t\t\t\t\n\t\t\t\t\n\t\t\t\t\n\t\t\t\t\n\t\t\t\t<div class=\"et_pb_text text__wrapper block__wrapper  et_pb_wly_text_0\n            mobile-- tablet--off desktop--off\"\n     id=\"\">\n    <div class=\"container\">\n        <div class=\"row\">\n            <div class=\"col s12 l10 xl8  offset-l1 offset-xl2 \">\n                                    <p><strong>Rochester-Bern Executive Programs hat sich der Weiterbildung von F\u00fchrungskr\u00e4ften und Verwaltungsr\u00e4ten verschrieben. Welche Herausforderungen siehst du heute bei der Weiterbildung von Kaderkr\u00e4ften?<\/strong><\/p>\n<p>Petra Joerg: Weiterbildung ist heute nicht nur Pflicht, sondern auch Herausforderung. Wir m\u00fcssen uns schneller und flexibler anpassen, w\u00e4hrend die verf\u00fcgbare Zeit knapper wird. Die Arbeitswelt ver\u00e4ndert sich durch Digitalisierung und K\u00fcnstliche Intelligenz in einem atemberaubenden Tempo. Studien der OECD gehen davon aus, dass mehr als eine Milliarde Jobs in den kommenden Jahren stark transformiert werden. Wer da nicht mitzieht, verliert schnell an Relevanz. Nebst den technologischen Skills sind verst\u00e4rkt auch menschliche Qualit\u00e4ten gefragt, beispielsweise Empathie, Kommunikationsst\u00e4rke und Flexibilit\u00e4t. Mit vier Generationen im Arbeitsmarkt und zunehmender Remote Work werden soziale Kompetenz, Dialogf\u00e4higkeit und gemeinschaftlicher F\u00fchrungsstil heute zu entscheidenden Erfolgsfaktoren.<\/p>\n<p>&nbsp;<\/p>\n<p><strong>Wie geht Rochester-Bern mit dem Dilemma um, dass trotz des Drucks sich weiterzubilden, oft wenig Zeit daf\u00fcr zur Verf\u00fcgung steht?<\/strong><\/p>\n<p>Weiterbildung muss heute flexibel, kurz und auf den Punkt gebracht sein, mit einem starken Fokus auf Wissenserweiterung und Anwendung. Gleichzeitig muss sie die Bed\u00fcrfnisse der Wirtschaft erf\u00fcllen und den Studierenden trotz aller Flexibilit\u00e4t ein Gesamtbild vermitteln. Bei Rochester-Bern haben wir die Antwort in einem individuell anpassbaren Angebot gefunden, das sich modular zu einem gr\u00f6sseren Abschluss kombinieren l\u00e4sst. Unser Flagship-Programm, das Executive MBA, tritt ab 2026 in einem neu gestalteten, modularisierten Format auf.<\/p>\n<p>&nbsp;<\/p>\n<p><strong>Wie sieht das genau aus?<\/strong><br \/>Das Programm wurde in vier Certificate of Advanced Studies (CAS)-Programme unterteilt, die jeweils aus <a href=\"https:\/\/www.rochester-bern.ch\/de\/master-classes\/\">vier obligatorischen \u00abMaster Classes\u00bb<\/a> und einem Wahlmodul bestehen. Jedes CAS-Programm kann einzeln besucht und abgeschlossen werden. In Kombination und erg\u00e4nzt durch eine praxisbezogene Masterarbeit f\u00fchrt dies zum <a href=\"https:\/\/www.rochester-bern.ch\/de\/programs\/emba\/\">Executive MBA<\/a>, der mit einem Dual Degree der Universit\u00e4ten Bern (CH) und Rochester (USA) belohnt wird. Das Zeitfenster hierf\u00fcr kann je nach Bed\u00fcrfnis kompakt gehalten oder bis auf f\u00fcnf Jahre ausgedehnt werden. Zwei Kurse finden an internationalen Partner-Universit\u00e4ten statt, Digitalisierungs- und F\u00fchrungsthemen sind prominent vertreten.<\/p>\n<p>Die Flexibilisierung geht aber noch weiter: Wer m\u00f6chte, kann die Master Classes auch einzeln besuchen, abschliessen und \u00fcber einen Zeitraum von f\u00fcnf Jahren sammeln. Damit ist es m\u00f6glich, den CAS-Abschluss im entsprechenden Fach zu erwerben. Auf diese Weise wird famili\u00e4ren und berufsbedingten Rahmenbedingungen Rechnung getragen, sowohl im Hinblick auf zeitliche als auch auf finanzielle Restriktionen.<\/p>\n<p>&nbsp;<\/p>\n<p><strong>Modularisierung klingt zwar gut, aber l\u00e4uft man da nicht Gefahr, dass das Wissen nur noch h\u00e4ppchenweise vermittelt wird und der <\/strong>\u00ab<strong>rote Faden<\/strong>\u00bb\u00a0<strong> verloren geht?<\/strong><\/p>\n<p>Diese Gefahr besteht nur, wenn man Modularisierung halbherzig umsetzt. In der Beratung zeigt unser Team Interessierten, wie sie die Inhalte am besten kombinieren k\u00f6nnen, um auch mit wenig Zeit und eingeschr\u00e4nkten finanziellen M\u00f6glichkeiten im Beruf fit zu bleiben und zu einem Abschluss mit klarem Fokus zu gelangen. Dar\u00fcber hinaus sind die Inhalte der einzelnen Master Classes koordiniert und wir zeigen regelm\u00e4ssig auf, wie eine Master Class ins Gesamtbild passt. So bleibt auch bei verschiedenen Lernpfaden der \u00abrote Faden\u00bb bestehen.<\/p>\n<p>&nbsp;<\/p>\n<p><strong>Wie stellt ihr sicher, dass die modularen Studierenden vorbereitet sind und die Zeit im Klassenzimmer optimal genutzt werden kann? <\/strong><\/p>\n<p>Jede Master Class des Rochester-Bern Executive MBA beginnt mit einer virtuellen Vorbereitungsphase. Dabei kommen verschiedene Mittel zum Einsatz, beispielsweise Videos, virtuelle Diskussionsforen, Fallstudien und Reflektionsaufgaben. Das erworbene Wissen wird mit einem kurzen Online-Test verifiziert, bevor der eigentliche Kurs beginnt.<\/p>\n<p>Im Kurs vertiefen die Studierenden ihr Wissen dann im Klassenzimmer im Austausch mit Dozierenden und Peers. Im Zentrum stehen angewandte Gruppenarbeiten, die im Idealfall auf die Firmen der Gruppe bezogen sind. Damit wird die Theorie sofort angewandt und reflektiert. Der Unterricht wird aufgezeichnet und Studierenden zur Verf\u00fcgung gestellt, die nicht live vor Ort sein k\u00f6nnen. Jede Master Class wird mit einer Transferaufgabe abgeschlossen, bei der die Studierenden das Gelernte im Kontext ihres Unternehmens anwenden.<\/p>\n<p>&nbsp;<\/p>\n<p><strong>Wie lautet deine Formel, dass Weiterbildung auch in Zukunft relevant bleibt?<\/strong><\/p>\n<p>Weiterbildung bewegt sich heute im Spannungsfeld zwischen hohen Anforderungen, dynamischen Ver\u00e4nderungen und knapper Zeit. Modulare Programme schaffen Flexibilit\u00e4t in der Weiterbildungsgestaltung und erm\u00f6glichen mit digitalen Tools zeitunabh\u00e4ngige Wissensvermittlung. Gleichzeitig gehen der pers\u00f6nliche Kontakt, der Austausch mit Peers und Expert\/-innen und die direkte praktische Anwendung nicht verloren, da sich die Studierenden nach wie vor auch im Klassenzimmer treffen. Dozierende, Peers und Beratungsteams sorgen daf\u00fcr, dass Lernen praxisnah, eingebettet und inspirierend ist.<\/p>\n<p>Eine in dieser Form gestaltete Weiterbildung ist eine gute Basis f\u00fcr die pers\u00f6nliche Entwicklung, aber auch f\u00fcr unternehmerische Wettbewerbsf\u00e4higkeit und Resilienz. Wer modular lernt, bleibt geistig fit, kennt die aktuellen Herausforderungen und L\u00f6sungsans\u00e4tze, gewinnt ein nutzbringendes Netzwerk und ist bereit f\u00fcr den Wandel. Die Formel f\u00fcr Zukunftsf\u00e4higkeit lautet deshalb klar: modular, digital, menschlich.<\/p>\n<p>&nbsp;<\/p>\n<p><strong><a href=\"https:\/\/www.rochester-bern.ch\/de\/programs\/emba\/\">Executive Master of Business Administration (EMBA): <\/a><\/strong>Das internationale Programm mit dualem Abschluss<\/p>\n<p><strong>Certificate of Advanced Studies (CAS)-Programme:<\/strong><\/p>\n<p><a href=\"https:\/\/www.rochester-bern.ch\/de\/programs\/cas-business-transformation-strategy\/\">\u2013 CAS Business Transformation &amp; Strategy<\/a> \u2013 15 ECTS<br \/>\u2013 <a href=\"https:\/\/www.rochester-bern.ch\/de\/programs\/cas-business-intelligence-supply-chain\/\">CAS Business Intelligence &amp; Supply Chain<\/a> \u2013 15 ECTS<br \/><a href=\"https:\/\/www.rochester-bern.ch\/de\/programs\/cas-marketing-sales-management\/\">\u2013 CAS Marketing &amp; Sales Management<\/a> \u2013 15 ECTS<br \/><a href=\"https:\/\/www.rochester-bern.ch\/de\/programs\/cas-finance-accounting-proficiency\/\">\u2013 CAS Finance &amp; Accounting<\/a>\u00a0\u2013 15 ECTS<\/p>\n<p><a href=\"https:\/\/www.rochester-bern.ch\/de\/master-classes\/\"><strong>Master Classes<\/strong><\/a><\/p>\n<p>&nbsp;<\/p>\n                            <\/div>\n        <\/div>\n    <\/div>\n<\/div>\n\n\t\t\t<\/div>\n\t\t\t\t\n\t\t\t\t\n\t\t\t\t\n\t\t\t\t\n\t\t\t<\/div>\n\t\t\t\t<\/div>\n\t\t\t<\/div>\n\t\t\t\t\n\t\t\t\t\n\t\t\t    <\/div>\n\t\t\t<\/div>\n\t\t\t\t<\/div>\n\t\t\t<\/div>\n","protected":false},"excerpt":{"rendered":"F\u00fchrungskr\u00e4fte stehen unter Druck: Digitalisierung, neue Arbeitsformen und Generationenwechsel ver\u00e4ndern die Spielregeln, w\u00e4hrend der Termindruck w\u00e4chst. Wer Schritt halten will, muss sich schneller und flexibler weiterentwickeln als je zuvor. Genau hier setzen wir an: Unsere CEO Petra Joerg erkl\u00e4rt, wie das Executive MBA ab 2026 den Paradigmenwechsel in der Weiterbildung vollzieht.","protected":false},"author":19,"featured_media":21042,"comment_status":"closed","ping_status":"closed","sticky":false,"template":"","format":"standard","meta":{"_acf_changed":false,"_et_pb_use_builder":"on","_et_pb_old_content":"","_et_gb_content_width":"","inline_featured_image":false,"footnotes":""},"tags":[143,472,473,474,475],"language":[32],"topic":[128,125],"class_list":["post-21032","post","type-post","status-publish","format-standard","has-post-thumbnail","hentry","tag-weiterbildung","tag-interview","tag-ceo","tag-masterclasses","tag-emba-de","language-deutsch","topic-emba-de","topic-karriere"],"acf":[],"yoast_head":"<!-- This site is optimized with the Yoast SEO plugin v27.2 - https:\/\/yoast.com\/product\/yoast-seo-wordpress\/ -->\n<title>Weiterbildung heute: modular, digital, menschlich &#8211; Rochester-Bern<\/title>\n<meta name=\"description\" content=\"F\u00fchrungskr\u00e4fte stehen unter Druck: Digitalisierung, neue Arbeitsformen und Generationenwechsel ver\u00e4ndern die Spielregeln.\" \/>\n<meta name=\"robots\" content=\"index, follow, max-snippet:-1, max-image-preview:large, max-video-preview:-1\" \/>\n<link rel=\"canonical\" href=\"https:\/\/www.rochester-bern.ch\/de\/blog\/weiterbildung-modular-digital-menschlich\/\" \/>\n<meta property=\"og:locale\" content=\"de_DE\" \/>\n<meta property=\"og:type\" content=\"article\" \/>\n<meta property=\"og:title\" content=\"Weiterbildung heute: modular, digital, menschlich &#8211; Rochester-Bern\" \/>\n<meta property=\"og:description\" content=\"F\u00fchrungskr\u00e4fte stehen unter Druck: Digitalisierung, neue Arbeitsformen und Generationenwechsel ver\u00e4ndern die Spielregeln.\" \/>\n<meta property=\"og:url\" content=\"https:\/\/www.rochester-bern.ch\/de\/blog\/weiterbildung-modular-digital-menschlich\/\" \/>\n<meta property=\"og:site_name\" content=\"Rochester-Bern\" \/>\n<meta property=\"article:published_time\" content=\"2025-10-30T11:01:47+00:00\" \/>\n<meta property=\"article:modified_time\" content=\"2026-01-26T09:11:55+00:00\" \/>\n<meta property=\"og:image\" content=\"https:\/\/www.rochester-bern.ch\/app\/uploads\/2025\/10\/Petra-Joerg_Rochester-Bern-scaled.jpg\" \/>\n\t<meta property=\"og:image:width\" content=\"2560\" \/>\n\t<meta property=\"og:image:height\" content=\"1707\" \/>\n\t<meta property=\"og:image:type\" content=\"image\/jpeg\" \/>\n<meta name=\"author\" content=\"Na&#039;ama Damti\" \/>\n<meta name=\"twitter:card\" content=\"summary_large_image\" \/>\n<meta name=\"twitter:label1\" content=\"Verfasst von\" \/>\n\t<meta name=\"twitter:data1\" content=\"Na&#039;ama Damti\" \/>\n\t<meta name=\"twitter:label2\" content=\"Gesch\u00e4tzte Lesezeit\" \/>\n\t<meta name=\"twitter:data2\" content=\"4\u00a0Minuten\" \/>\n<script type=\"application\/ld+json\" class=\"yoast-schema-graph\">{\"@context\":\"https:\/\/schema.org\",\"@graph\":[{\"@type\":[\"Article\",\"BlogPosting\"],\"@id\":\"https:\/\/www.rochester-bern.ch\/de\/blog\/weiterbildung-modular-digital-menschlich\/#article\",\"isPartOf\":{\"@id\":\"https:\/\/www.rochester-bern.ch\/de\/blog\/weiterbildung-modular-digital-menschlich\/\"},\"author\":{\"name\":\"Na'ama Damti\",\"@id\":\"https:\/\/rochester.incms.net\/#\/schema\/person\/64a153eb6d3add5b6a987891f174e239\"},\"headline\":\"Weiterbildung heute: modular, digital, menschlich\",\"datePublished\":\"2025-10-30T11:01:47+00:00\",\"dateModified\":\"2026-01-26T09:11:55+00:00\",\"mainEntityOfPage\":{\"@id\":\"https:\/\/www.rochester-bern.ch\/de\/blog\/weiterbildung-modular-digital-menschlich\/\"},\"wordCount\":916,\"image\":{\"@id\":\"https:\/\/www.rochester-bern.ch\/de\/blog\/weiterbildung-modular-digital-menschlich\/#primaryimage\"},\"thumbnailUrl\":\"https:\/\/www.rochester-bern.ch\/app\/uploads\/2025\/10\/Petra-Joerg_Rochester-Bern-scaled.jpg\",\"keywords\":[\"Weiterbildung\",\"Interview\",\"CEO\",\"Masterclasses\",\"EMBA\"],\"inLanguage\":\"de\"},{\"@type\":\"WebPage\",\"@id\":\"https:\/\/www.rochester-bern.ch\/de\/blog\/weiterbildung-modular-digital-menschlich\/\",\"url\":\"https:\/\/www.rochester-bern.ch\/de\/blog\/weiterbildung-modular-digital-menschlich\/\",\"name\":\"Weiterbildung heute: modular, digital, menschlich &#8211; Rochester-Bern\",\"isPartOf\":{\"@id\":\"https:\/\/rochester.incms.net\/#website\"},\"primaryImageOfPage\":{\"@id\":\"https:\/\/www.rochester-bern.ch\/de\/blog\/weiterbildung-modular-digital-menschlich\/#primaryimage\"},\"image\":{\"@id\":\"https:\/\/www.rochester-bern.ch\/de\/blog\/weiterbildung-modular-digital-menschlich\/#primaryimage\"},\"thumbnailUrl\":\"https:\/\/www.rochester-bern.ch\/app\/uploads\/2025\/10\/Petra-Joerg_Rochester-Bern-scaled.jpg\",\"datePublished\":\"2025-10-30T11:01:47+00:00\",\"dateModified\":\"2026-01-26T09:11:55+00:00\",\"author\":{\"@id\":\"https:\/\/rochester.incms.net\/#\/schema\/person\/64a153eb6d3add5b6a987891f174e239\"},\"description\":\"F\u00fchrungskr\u00e4fte stehen unter Druck: Digitalisierung, neue Arbeitsformen und Generationenwechsel ver\u00e4ndern die Spielregeln.\",\"breadcrumb\":{\"@id\":\"https:\/\/www.rochester-bern.ch\/de\/blog\/weiterbildung-modular-digital-menschlich\/#breadcrumb\"},\"inLanguage\":\"de\",\"potentialAction\":[{\"@type\":\"ReadAction\",\"target\":[\"https:\/\/www.rochester-bern.ch\/de\/blog\/weiterbildung-modular-digital-menschlich\/\"]}]},{\"@type\":\"ImageObject\",\"inLanguage\":\"de\",\"@id\":\"https:\/\/www.rochester-bern.ch\/de\/blog\/weiterbildung-modular-digital-menschlich\/#primaryimage\",\"url\":\"https:\/\/www.rochester-bern.ch\/app\/uploads\/2025\/10\/Petra-Joerg_Rochester-Bern-scaled.jpg\",\"contentUrl\":\"https:\/\/www.rochester-bern.ch\/app\/uploads\/2025\/10\/Petra-Joerg_Rochester-Bern-scaled.jpg\",\"width\":2560,\"height\":1707},{\"@type\":\"BreadcrumbList\",\"@id\":\"https:\/\/www.rochester-bern.ch\/de\/blog\/weiterbildung-modular-digital-menschlich\/#breadcrumb\",\"itemListElement\":[{\"@type\":\"ListItem\",\"position\":1,\"name\":\"Home\",\"item\":\"https:\/\/www.rochester-bern.ch\/de\/\"},{\"@type\":\"ListItem\",\"position\":2,\"name\":\"Weiterbildung heute: modular, digital, menschlich\"}]},{\"@type\":\"WebSite\",\"@id\":\"https:\/\/rochester.incms.net\/#website\",\"url\":\"https:\/\/rochester.incms.net\/\",\"name\":\"Rochester-Bern\",\"description\":\"Executive Programs - further Education for Executives\",\"potentialAction\":[{\"@type\":\"SearchAction\",\"target\":{\"@type\":\"EntryPoint\",\"urlTemplate\":\"https:\/\/rochester.incms.net\/?s={search_term_string}\"},\"query-input\":{\"@type\":\"PropertyValueSpecification\",\"valueRequired\":true,\"valueName\":\"search_term_string\"}}],\"inLanguage\":\"de\"},{\"@type\":\"Person\",\"@id\":\"https:\/\/rochester.incms.net\/#\/schema\/person\/64a153eb6d3add5b6a987891f174e239\",\"name\":\"Na'ama Damti\"}]}<\/script>\n<!-- \/ Yoast SEO plugin. -->","yoast_head_json":{"title":"Weiterbildung heute: modular, digital, menschlich &#8211; Rochester-Bern","description":"F\u00fchrungskr\u00e4fte stehen unter Druck: Digitalisierung, neue Arbeitsformen und Generationenwechsel ver\u00e4ndern die Spielregeln.","robots":{"index":"index","follow":"follow","max-snippet":"max-snippet:-1","max-image-preview":"max-image-preview:large","max-video-preview":"max-video-preview:-1"},"canonical":"https:\/\/www.rochester-bern.ch\/de\/blog\/weiterbildung-modular-digital-menschlich\/","og_locale":"de_DE","og_type":"article","og_title":"Weiterbildung heute: modular, digital, menschlich &#8211; Rochester-Bern","og_description":"F\u00fchrungskr\u00e4fte stehen unter Druck: Digitalisierung, neue Arbeitsformen und Generationenwechsel ver\u00e4ndern die Spielregeln.","og_url":"https:\/\/www.rochester-bern.ch\/de\/blog\/weiterbildung-modular-digital-menschlich\/","og_site_name":"Rochester-Bern","article_published_time":"2025-10-30T11:01:47+00:00","article_modified_time":"2026-01-26T09:11:55+00:00","og_image":[{"width":2560,"height":1707,"url":"https:\/\/www.rochester-bern.ch\/app\/uploads\/2025\/10\/Petra-Joerg_Rochester-Bern-scaled.jpg","type":"image\/jpeg"}],"author":"Na'ama Damti","twitter_card":"summary_large_image","twitter_misc":{"Verfasst von":"Na'ama Damti","Gesch\u00e4tzte Lesezeit":"4\u00a0Minuten"},"schema":{"@context":"https:\/\/schema.org","@graph":[{"@type":["Article","BlogPosting"],"@id":"https:\/\/www.rochester-bern.ch\/de\/blog\/weiterbildung-modular-digital-menschlich\/#article","isPartOf":{"@id":"https:\/\/www.rochester-bern.ch\/de\/blog\/weiterbildung-modular-digital-menschlich\/"},"author":{"name":"Na'ama Damti","@id":"https:\/\/rochester.incms.net\/#\/schema\/person\/64a153eb6d3add5b6a987891f174e239"},"headline":"Weiterbildung heute: modular, digital, menschlich","datePublished":"2025-10-30T11:01:47+00:00","dateModified":"2026-01-26T09:11:55+00:00","mainEntityOfPage":{"@id":"https:\/\/www.rochester-bern.ch\/de\/blog\/weiterbildung-modular-digital-menschlich\/"},"wordCount":916,"image":{"@id":"https:\/\/www.rochester-bern.ch\/de\/blog\/weiterbildung-modular-digital-menschlich\/#primaryimage"},"thumbnailUrl":"https:\/\/www.rochester-bern.ch\/app\/uploads\/2025\/10\/Petra-Joerg_Rochester-Bern-scaled.jpg","keywords":["Weiterbildung","Interview","CEO","Masterclasses","EMBA"],"inLanguage":"de"},{"@type":"WebPage","@id":"https:\/\/www.rochester-bern.ch\/de\/blog\/weiterbildung-modular-digital-menschlich\/","url":"https:\/\/www.rochester-bern.ch\/de\/blog\/weiterbildung-modular-digital-menschlich\/","name":"Weiterbildung heute: modular, digital, menschlich &#8211; Rochester-Bern","isPartOf":{"@id":"https:\/\/rochester.incms.net\/#website"},"primaryImageOfPage":{"@id":"https:\/\/www.rochester-bern.ch\/de\/blog\/weiterbildung-modular-digital-menschlich\/#primaryimage"},"image":{"@id":"https:\/\/www.rochester-bern.ch\/de\/blog\/weiterbildung-modular-digital-menschlich\/#primaryimage"},"thumbnailUrl":"https:\/\/www.rochester-bern.ch\/app\/uploads\/2025\/10\/Petra-Joerg_Rochester-Bern-scaled.jpg","datePublished":"2025-10-30T11:01:47+00:00","dateModified":"2026-01-26T09:11:55+00:00","author":{"@id":"https:\/\/rochester.incms.net\/#\/schema\/person\/64a153eb6d3add5b6a987891f174e239"},"description":"F\u00fchrungskr\u00e4fte stehen unter Druck: Digitalisierung, neue Arbeitsformen und Generationenwechsel ver\u00e4ndern die Spielregeln.","breadcrumb":{"@id":"https:\/\/www.rochester-bern.ch\/de\/blog\/weiterbildung-modular-digital-menschlich\/#breadcrumb"},"inLanguage":"de","potentialAction":[{"@type":"ReadAction","target":["https:\/\/www.rochester-bern.ch\/de\/blog\/weiterbildung-modular-digital-menschlich\/"]}]},{"@type":"ImageObject","inLanguage":"de","@id":"https:\/\/www.rochester-bern.ch\/de\/blog\/weiterbildung-modular-digital-menschlich\/#primaryimage","url":"https:\/\/www.rochester-bern.ch\/app\/uploads\/2025\/10\/Petra-Joerg_Rochester-Bern-scaled.jpg","contentUrl":"https:\/\/www.rochester-bern.ch\/app\/uploads\/2025\/10\/Petra-Joerg_Rochester-Bern-scaled.jpg","width":2560,"height":1707},{"@type":"BreadcrumbList","@id":"https:\/\/www.rochester-bern.ch\/de\/blog\/weiterbildung-modular-digital-menschlich\/#breadcrumb","itemListElement":[{"@type":"ListItem","position":1,"name":"Home","item":"https:\/\/www.rochester-bern.ch\/de\/"},{"@type":"ListItem","position":2,"name":"Weiterbildung heute: modular, digital, menschlich"}]},{"@type":"WebSite","@id":"https:\/\/rochester.incms.net\/#website","url":"https:\/\/rochester.incms.net\/","name":"Rochester-Bern","description":"Executive Programs - further Education for Executives","potentialAction":[{"@type":"SearchAction","target":{"@type":"EntryPoint","urlTemplate":"https:\/\/rochester.incms.net\/?s={search_term_string}"},"query-input":{"@type":"PropertyValueSpecification","valueRequired":true,"valueName":"search_term_string"}}],"inLanguage":"de"},{"@type":"Person","@id":"https:\/\/rochester.incms.net\/#\/schema\/person\/64a153eb6d3add5b6a987891f174e239","name":"Na'ama Damti"}]}},"_links":{"self":[{"href":"https:\/\/www.rochester-bern.ch\/de\/wp-json\/wp\/v2\/posts\/21032","targetHints":{"allow":["GET"]}}],"collection":[{"href":"https:\/\/www.rochester-bern.ch\/de\/wp-json\/wp\/v2\/posts"}],"about":[{"href":"https:\/\/www.rochester-bern.ch\/de\/wp-json\/wp\/v2\/types\/post"}],"author":[{"embeddable":true,"href":"https:\/\/www.rochester-bern.ch\/de\/wp-json\/wp\/v2\/users\/19"}],"replies":[{"embeddable":true,"href":"https:\/\/www.rochester-bern.ch\/de\/wp-json\/wp\/v2\/comments?post=21032"}],"version-history":[{"count":12,"href":"https:\/\/www.rochester-bern.ch\/de\/wp-json\/wp\/v2\/posts\/21032\/revisions"}],"predecessor-version":[{"id":22335,"href":"https:\/\/www.rochester-bern.ch\/de\/wp-json\/wp\/v2\/posts\/21032\/revisions\/22335"}],"wp:featuredmedia":[{"embeddable":true,"href":"https:\/\/www.rochester-bern.ch\/de\/wp-json\/wp\/v2\/media\/21042"}],"wp:attachment":[{"href":"https:\/\/www.rochester-bern.ch\/de\/wp-json\/wp\/v2\/media?parent=21032"}],"wp:term":[{"taxonomy":"post_tag","embeddable":true,"href":"https:\/\/www.rochester-bern.ch\/de\/wp-json\/wp\/v2\/tags?post=21032"},{"taxonomy":"language","embeddable":true,"href":"https:\/\/www.rochester-bern.ch\/de\/wp-json\/wp\/v2\/language?post=21032"},{"taxonomy":"topic","embeddable":true,"href":"https:\/\/www.rochester-bern.ch\/de\/wp-json\/wp\/v2\/topic?post=21032"}],"curies":[{"name":"wp","href":"https:\/\/api.w.org\/{rel}","templated":true}]}}