{"id":21919,"date":"2025-12-19T10:48:25","date_gmt":"2025-12-19T10:48:25","guid":{"rendered":"https:\/\/www.rochester-bern.ch\/?p=21919"},"modified":"2026-04-23T15:01:12","modified_gmt":"2026-04-23T14:01:12","slug":"generationen-konflikt-im-verwaltungsrat","status":"publish","type":"post","link":"https:\/\/www.rochester-bern.ch\/de\/blog\/generationen-konflikt-im-verwaltungsrat\/","title":{"rendered":"Generationen-(Konflikt) im Verwaltungsrat"},"content":{"rendered":"<div class=\"et_pb_section et_pb_section_0  et_pb_css_mix_blend_mode et_section_regular et_section_transparent\">\n\t\t\t\t\n\t\t\t\t\n\t\t\t\t\n\t\t\t\t\n\t\t\t\t\n\t\t\t\t\n\t\t\t\t<div class=\"et_pb_module_inner\">\n\t\t\t\t\t<div class=\"et_pb_section et_pb_section_0  et_pb_css_mix_blend_mode et_section_regular et_section_transparent\" >\n            <div >\n\t\t\t\t\n\t\t\t\t\n\t\t\t\t\n\t\t\t\t\n\t\t\t\t\n\t\t\t\t\n\t\t\t\t<div class=\"et_pb_row et_pb_row_0  et_pb_css_mix_blend_mode\">\n\t\t\t\t\n\t\t\t\t\n\t\t\t\t\n\t\t\t\t\n\t\t\t\t\n\t\t\t\t\n\t\t\t\t<div class=\"et_pb_module_inner\">\n\t\t\t\t\t<div class=\"row et_pb_row et_pb_row_0  et_pb_css_mix_blend_mode\">\n\t\t\t\t<div class=\"et_pb_column et_pb_column_1_1 s12 col bg--white et_pb_column_0  et_pb_css_mix_blend_mode et-last-child\">\n\t\t\t\t\n\t\t\t\t\n\t\t\t\t\n\t\t\t\t\n\t\t\t\t<div class=\"et_pb_text text__wrapper block__wrapper  et_pb_wly_text_0\n            mobile-- tablet--off desktop--off\"\n     id=\"\">\n    <div class=\"container\">\n        <div class=\"row\">\n            <div class=\"col s12 l10 xl8  offset-l1 offset-xl2 \">\n                                    <h4><strong>Wenn Babyboomer, X und Y am gleichen Tisch sitzen<\/strong><\/h4>\n<p>In immer mehr Verwaltungsr\u00e4ten treffen heute Vertreterinnen und Vertreter der Generation X und der Generation Y aufeinander, h\u00e4ufig erg\u00e4nzt durch Mitglieder der Babyboomer-Generation.\u00a0 Letztere, geboren zwischen 1945 und 1964, haben gesellschaftliche und wirtschaftliche Umbr\u00fcche miterlebt, die ihre Einstellungen zu Arbeit und Verantwortung gepr\u00e4gt haben. Der Generation X (Jahrg\u00e4nge 1965 bis 1980) wird in der Literatur h\u00e4ufig eine st\u00e4rkere Orientierung an Stabilit\u00e4t, Eigenst\u00e4ndigkeit und klaren Strukturen zugeschrieben. Die zwischen 1981 und 1996 geborene Generation Y, auch Millennials genannt, gilt in vielen Studien als digital gepr\u00e4gte Alterskohorte, die st\u00e4rker Wert auf Sinn, Entwicklungsm\u00f6glichkeiten und flexible Arbeitsformen legt.<\/p>\n<h4><strong>Woher kommen die Generationskonflikte?<\/strong><\/h4>\n<p>Mehrere Faktoren k\u00f6nnen zu Spannungen zwischen Altersgruppen im Verwaltungsrat f\u00fchren. Eine zentrale Rolle spielen dabei unterschiedliche Werte und Kommunikationsstile: Erfahrene Mitglieder bevorzugen klare Strukturen und formelle Abl\u00e4ufe, w\u00e4hrend J\u00fcngere offene Diskussionen, flache Hierarchien und direktes Feedback sch\u00e4tzen. Auch die Erwartungen an F\u00fchrung, Nachhaltigkeit und Technologie gehen auseinander: Die J\u00fcngeren treiben Themen wie ESG, Diversit\u00e4t und Digitalisierung voran, w\u00e4hrend die Erfahrenen auf Urteilsverm\u00f6gen und bew\u00e4hrte Entscheidungsprozesse setzen. Diese unterschiedlichen Perspektiven k\u00f6nnen zu Spannungen f\u00fchren, bergen jedoch zugleich ein grosses Potenzial f\u00fcr gegenseitiges Lernen und ausgewogene Entscheidungen.<\/p>\n<h4><strong>Altersstrukturen in europ\u00e4ischen Verwaltungsr\u00e4ten<\/strong><\/h4>\n<p>Die von <a href=\"https:\/\/www.heidrick.com\/en\/insights\/boards-governance\/board-monitor-europe-2024-six-shifts-boards-are-making-to-thrive-now\">Heidrick &#038; Struggles ver\u00f6ffentlichte Studie \u00abBoard Monitor Europe 2024\u00bb<\/a> enth\u00e4lt interessante Erkenntnisse zu den Altersstrukturen in europ\u00e4ischen Verwaltungsr\u00e4ten, darunter auch solche mit Bezug zur Schweiz. So liegt das Durchschnittsalter neu ernannter VR-Mitglieder in Europa und in der Schweiz bei rund 57 Jahren. \u00a0Zwar werden auch j\u00fcngere Gremienmitglieder berufen, doch die Mehrheit der Neueintritte stammt aus dem mittleren bis h\u00f6heren Alterssegment. Gleichzeitig h\u00e4lt langsam eine Verj\u00fcngung Einzug: J\u00fcngere Mitwirkende bringen neue Wertvorstellungen und digitale Kompetenzen ein.<\/p>\n<p>F\u00fchrt dies zu Spannungen oder eher zu einer wertvollen Vielfalt an Perspektiven? RoBe Alumnus Herbert Zaugg, Verwaltungsrat der Merz Group und Stiftungsrat der Stiftung Lindenhof Bern, gibt zu bedenken, dass der Generationenkonflikt oft \u00fcbersch\u00e4tzt werde. Er betont, dass Meinungsunterschiede im Verwaltungsrat kaum auf das Alter zur\u00fcckzuf\u00fchren seien. <em>\u00ab<\/em>Es gibt immer unterschiedliche Meinungen, die aber selten auf Generationenthemen zur\u00fcckzuf\u00fchren sind\u00bb, so Zaugg. Seiner Ansicht nach sind eine gemeinsame Vision, offene Kommunikation und Klarheit \u00fcber die jeweiligen Rollen entscheidend f\u00fcr eine erfolgreiche Zusammenarbeit \u2013 und nicht das Alter der Mitglieder. Altersdiversit\u00e4t als Auswahlkriterium sieht er kritisch: \u00abEin guter Verwaltungsrat wird nach Kompetenzen gebildet, nicht nach Geschlecht, Generation oder Alter.\u00bb<\/p>\n<p>W\u00e4hrend manche Beobachtende darin ein m\u00f6gliches Konfliktfeld sehen, warnt Herbert Zaugg, Verwaltungsrat der Merz Group und Stiftungsrat der Stiftung Lindenhof Bern, vor einer \u00dcberbewertung des Generationenfaktors.<\/p>\n<h4><strong>L\u00f6sungen f\u00fcr eine generationen\u00fcbergreifende Zusammenarbeit<\/strong><\/h4>\n<p>Damit die Unterschiede zwischen den Generationen zu einer St\u00e4rke werden, sind offene Kommunikation, Mentoring und eine vorausschauende Nachfolgeplanung entscheidend.<br \/>An erster Stelle steht dabei die offene Kommunikation. Altersvielfalt kann nur gelingen, wenn alle Generationen ihre Perspektiven einbringen und ein respektvoller Dialog entsteht. So wachsen gegenseitiges Verst\u00e4ndnis und die Basis f\u00fcr gemeinsame L\u00f6sungen.<\/p>\n<p>Dar\u00fcber hinaus st\u00e4rkt Mentoring das Lernen auf Augenh\u00f6he. Erfahrene Mitglieder begleiten neue oder j\u00fcngere Kolleginnen und Kollegen, w\u00e4hrend diese ihr Wissen und ihre Sichtweisen zu aktuellen Themen wie Digitalisierung, Nachhaltigkeit oder neuen F\u00fchrungsmodellen einbringen. Die <a href=\"https:\/\/www.pwc.ch\/en\/insights\/hr\/combatting-the-age-gap-in-the-workplace.html?utm_source=chatgpt.com\">Studien von PwC<\/a> und <a href=\"https:\/\/www.heidrick.com\/-\/media\/heidrickcom\/publications-and-reports\/board-monitor-europe-2024.pdf?utm_source=chatgpt.com\">Heidrick &#038; Struggles<\/a> zeigen, dass digitale Kompetenz dabei weniger eine Frage des Alters als vielmehr der Offenheit und Weiterbildungsbereitschaft ist. So verbinden sich Erfahrung und neue Perspektiven zu einem echten Mehrwert.<\/p>\n<p>Ein weiterer Erfolgsfaktor ist die bewusste Zusammensetzung des Gremiums. Es sollten gezielt Personen unterschiedlicher Altersgruppen mit komplement\u00e4ren Kompetenzen, Erfahrungen und Denkweisen kombiniert werden. Entscheidend ist nicht die Quote, sondern die Frage, welche Perspektiven f\u00fcr die strategische Zukunft des Unternehmens notwendig sind und wie diese im Verwaltungsrat abgebildet werden k\u00f6nnen.<\/p>\n<p>Ebenfalls hilfreich sind klare Entscheidungsprozesse und Rollenverteilungen. Sind Erwartungen, Verantwortlichkeiten und Abl\u00e4ufe transparent, entstehen weniger Missverst\u00e4ndnisse und unterschiedliche Generationen k\u00f6nnen wirksamer zusammenarbeiten.<\/p>\n<p>Schliesslich ist eine vorausschauende Nachfolgeplanung entscheidend. Sie sorgt daf\u00fcr, dass Wissen, Erfahrung und Verantwortung schrittweise weitergegeben werden und erm\u00f6glicht so einen kontinuierlichen Generationenwechsel, der Stabilit\u00e4t und frische Impulse vereint.<\/p>\n<h4><strong>Fazit<\/strong><\/h4>\n<p>Generationenvielfalt im Verwaltungsrat entfaltet ihren Wert erst, wenn unterschiedliche Perspektiven auf Augenh\u00f6he zusammenkommen. Entscheidend sind Offenheit, Vertrauen und Lernbereitschaft. Dann werden Unterschiede zur St\u00e4rke und Vielfalt zu einem echten Mehrwert f\u00fcr Innovation und langfristigen Erfolg. Wie ist das in eurem Verwaltungsrat, wird dieses Potenzial schon genutzt?<\/p>\n<p>Dieser Artikel ist im Rahmen einer Kooperation mit dem <a href=\"https:\/\/www.swissboardforum.ch\/\" target=\"_blank\" rel=\"noopener\">Swiss Board Forum<\/a> entstanden.<\/p>\n                            <\/div>\n        <\/div>\n    <\/div>\n<\/div>\n\n\t\t\t<\/div>\n\t\t\t\t\n\t\t\t\t\n\t\t\t\t\n\t\t\t\t\n\t\t\t<\/div>\n\t\t\t\t<\/div>\n\t\t\t<\/div>\n\t\t\t\t\n\t\t\t\t\n\t\t\t    <\/div>\n\t\t\t<\/div>\n\t\t\t\t<\/div>\n\t\t\t<\/div>\n","protected":false},"excerpt":{"rendered":"In den n\u00e4chsten Jahren bahnt sich ein Generationenwechsel in unseren Verwaltungsr\u00e4ten an. Vermehrt nehmen auch Vertreterinnen und Vertreter der Generation X und Y Einsitz. Was auf den ersten Blick nach Konfliktpotenzial aussieht, birgt in Wahrheit eine grosse Chance. Woher die Generationsunterschiede kommen und wie eine erfolgreiche Zusammenarbeit gelingen kann, zeigt dieser Beitrag.","protected":false},"author":19,"featured_media":21926,"comment_status":"closed","ping_status":"closed","sticky":false,"template":"","format":"standard","meta":{"_acf_changed":false,"_et_pb_use_builder":"on","_et_pb_old_content":"","_et_gb_content_width":"","inline_featured_image":false,"footnotes":""},"tags":[137,531],"language":[31],"topic":[125],"class_list":["post-21919","post","type-post","status-publish","format-standard","has-post-thumbnail","hentry","tag-verwaltungsrat","tag-cas-vr","language-englisch","topic-karriere"],"acf":[],"yoast_head":"<!-- This site is optimized with the Yoast SEO plugin v27.2 - https:\/\/yoast.com\/product\/yoast-seo-wordpress\/ -->\n<title>Generationen-(Konflikt) im Verwaltungsrat &#8211; Rochester-Bern<\/title>\n<meta name=\"description\" content=\"Woher die Generationsunterschiede kommen und wie eine erfolgreiche Zusammenarbeit gelingen kann, zeigt dieser Beitrag.\" \/>\n<meta name=\"robots\" content=\"index, follow, max-snippet:-1, max-image-preview:large, max-video-preview:-1\" \/>\n<link rel=\"canonical\" href=\"https:\/\/www.rochester-bern.ch\/de\/blog\/generationen-konflikt-im-verwaltungsrat\/\" \/>\n<meta property=\"og:locale\" content=\"de_DE\" \/>\n<meta property=\"og:type\" content=\"article\" \/>\n<meta property=\"og:title\" content=\"Generationen-(Konflikt) im Verwaltungsrat &#8211; Rochester-Bern\" \/>\n<meta property=\"og:description\" content=\"Woher die Generationsunterschiede kommen und wie eine erfolgreiche Zusammenarbeit gelingen kann, zeigt dieser Beitrag.\" \/>\n<meta property=\"og:url\" content=\"https:\/\/www.rochester-bern.ch\/de\/blog\/generationen-konflikt-im-verwaltungsrat\/\" \/>\n<meta property=\"og:site_name\" content=\"Rochester-Bern\" \/>\n<meta property=\"article:published_time\" content=\"2025-12-19T10:48:25+00:00\" \/>\n<meta property=\"article:modified_time\" content=\"2026-04-23T14:01:12+00:00\" \/>\n<meta property=\"og:image\" content=\"https:\/\/www.rochester-bern.ch\/app\/uploads\/2025\/12\/Board-of-Directors-1-1024x683.jpg\" \/>\n\t<meta property=\"og:image:width\" content=\"1024\" \/>\n\t<meta property=\"og:image:height\" content=\"683\" \/>\n\t<meta property=\"og:image:type\" content=\"image\/jpeg\" \/>\n<meta name=\"author\" content=\"Na&#039;ama Damti\" \/>\n<meta name=\"twitter:card\" content=\"summary_large_image\" \/>\n<meta name=\"twitter:label1\" content=\"Verfasst von\" \/>\n\t<meta name=\"twitter:data1\" content=\"Na&#039;ama Damti\" \/>\n\t<meta name=\"twitter:label2\" content=\"Gesch\u00e4tzte Lesezeit\" \/>\n\t<meta name=\"twitter:data2\" content=\"5\u00a0Minuten\" \/>\n<script type=\"application\/ld+json\" class=\"yoast-schema-graph\">{\"@context\":\"https:\/\/schema.org\",\"@graph\":[{\"@type\":[\"Article\",\"BlogPosting\"],\"@id\":\"https:\/\/www.rochester-bern.ch\/de\/blog\/generationen-konflikt-im-verwaltungsrat\/#article\",\"isPartOf\":{\"@id\":\"https:\/\/www.rochester-bern.ch\/de\/blog\/generationen-konflikt-im-verwaltungsrat\/\"},\"author\":{\"name\":\"Na'ama Damti\",\"@id\":\"https:\/\/rochester.incms.net\/#\/schema\/person\/64a153eb6d3add5b6a987891f174e239\"},\"headline\":\"Generationen-(Konflikt) im Verwaltungsrat\",\"datePublished\":\"2025-12-19T10:48:25+00:00\",\"dateModified\":\"2026-04-23T14:01:12+00:00\",\"mainEntityOfPage\":{\"@id\":\"https:\/\/www.rochester-bern.ch\/de\/blog\/generationen-konflikt-im-verwaltungsrat\/\"},\"wordCount\":830,\"image\":{\"@id\":\"https:\/\/www.rochester-bern.ch\/de\/blog\/generationen-konflikt-im-verwaltungsrat\/#primaryimage\"},\"thumbnailUrl\":\"https:\/\/www.rochester-bern.ch\/app\/uploads\/2025\/12\/Board-of-Directors-1.jpg\",\"keywords\":[\"Verwaltungsrat\",\"CAS VR\"],\"inLanguage\":\"de\"},{\"@type\":\"WebPage\",\"@id\":\"https:\/\/www.rochester-bern.ch\/de\/blog\/generationen-konflikt-im-verwaltungsrat\/\",\"url\":\"https:\/\/www.rochester-bern.ch\/de\/blog\/generationen-konflikt-im-verwaltungsrat\/\",\"name\":\"Generationen-(Konflikt) im Verwaltungsrat &#8211; Rochester-Bern\",\"isPartOf\":{\"@id\":\"https:\/\/rochester.incms.net\/#website\"},\"primaryImageOfPage\":{\"@id\":\"https:\/\/www.rochester-bern.ch\/de\/blog\/generationen-konflikt-im-verwaltungsrat\/#primaryimage\"},\"image\":{\"@id\":\"https:\/\/www.rochester-bern.ch\/de\/blog\/generationen-konflikt-im-verwaltungsrat\/#primaryimage\"},\"thumbnailUrl\":\"https:\/\/www.rochester-bern.ch\/app\/uploads\/2025\/12\/Board-of-Directors-1.jpg\",\"datePublished\":\"2025-12-19T10:48:25+00:00\",\"dateModified\":\"2026-04-23T14:01:12+00:00\",\"author\":{\"@id\":\"https:\/\/rochester.incms.net\/#\/schema\/person\/64a153eb6d3add5b6a987891f174e239\"},\"description\":\"Woher die Generationsunterschiede kommen und wie eine erfolgreiche Zusammenarbeit gelingen kann, zeigt dieser Beitrag.\",\"breadcrumb\":{\"@id\":\"https:\/\/www.rochester-bern.ch\/de\/blog\/generationen-konflikt-im-verwaltungsrat\/#breadcrumb\"},\"inLanguage\":\"de\",\"potentialAction\":[{\"@type\":\"ReadAction\",\"target\":[\"https:\/\/www.rochester-bern.ch\/de\/blog\/generationen-konflikt-im-verwaltungsrat\/\"]}]},{\"@type\":\"ImageObject\",\"inLanguage\":\"de\",\"@id\":\"https:\/\/www.rochester-bern.ch\/de\/blog\/generationen-konflikt-im-verwaltungsrat\/#primaryimage\",\"url\":\"https:\/\/www.rochester-bern.ch\/app\/uploads\/2025\/12\/Board-of-Directors-1.jpg\",\"contentUrl\":\"https:\/\/www.rochester-bern.ch\/app\/uploads\/2025\/12\/Board-of-Directors-1.jpg\",\"width\":5000,\"height\":3337},{\"@type\":\"BreadcrumbList\",\"@id\":\"https:\/\/www.rochester-bern.ch\/de\/blog\/generationen-konflikt-im-verwaltungsrat\/#breadcrumb\",\"itemListElement\":[{\"@type\":\"ListItem\",\"position\":1,\"name\":\"Home\",\"item\":\"https:\/\/www.rochester-bern.ch\/de\/\"},{\"@type\":\"ListItem\",\"position\":2,\"name\":\"Generationen-(Konflikt) im Verwaltungsrat\"}]},{\"@type\":\"WebSite\",\"@id\":\"https:\/\/rochester.incms.net\/#website\",\"url\":\"https:\/\/rochester.incms.net\/\",\"name\":\"Rochester-Bern\",\"description\":\"Executive Programs - further Education for Executives\",\"potentialAction\":[{\"@type\":\"SearchAction\",\"target\":{\"@type\":\"EntryPoint\",\"urlTemplate\":\"https:\/\/rochester.incms.net\/?s={search_term_string}\"},\"query-input\":{\"@type\":\"PropertyValueSpecification\",\"valueRequired\":true,\"valueName\":\"search_term_string\"}}],\"inLanguage\":\"de\"},{\"@type\":\"Person\",\"@id\":\"https:\/\/rochester.incms.net\/#\/schema\/person\/64a153eb6d3add5b6a987891f174e239\",\"name\":\"Na'ama Damti\"}]}<\/script>\n<!-- \/ Yoast SEO plugin. -->","yoast_head_json":{"title":"Generationen-(Konflikt) im Verwaltungsrat &#8211; Rochester-Bern","description":"Woher die Generationsunterschiede kommen und wie eine erfolgreiche Zusammenarbeit gelingen kann, zeigt dieser Beitrag.","robots":{"index":"index","follow":"follow","max-snippet":"max-snippet:-1","max-image-preview":"max-image-preview:large","max-video-preview":"max-video-preview:-1"},"canonical":"https:\/\/www.rochester-bern.ch\/de\/blog\/generationen-konflikt-im-verwaltungsrat\/","og_locale":"de_DE","og_type":"article","og_title":"Generationen-(Konflikt) im Verwaltungsrat &#8211; Rochester-Bern","og_description":"Woher die Generationsunterschiede kommen und wie eine erfolgreiche Zusammenarbeit gelingen kann, zeigt dieser Beitrag.","og_url":"https:\/\/www.rochester-bern.ch\/de\/blog\/generationen-konflikt-im-verwaltungsrat\/","og_site_name":"Rochester-Bern","article_published_time":"2025-12-19T10:48:25+00:00","article_modified_time":"2026-04-23T14:01:12+00:00","og_image":[{"width":1024,"height":683,"url":"https:\/\/www.rochester-bern.ch\/app\/uploads\/2025\/12\/Board-of-Directors-1-1024x683.jpg","type":"image\/jpeg"}],"author":"Na'ama Damti","twitter_card":"summary_large_image","twitter_misc":{"Verfasst von":"Na'ama Damti","Gesch\u00e4tzte Lesezeit":"5\u00a0Minuten"},"schema":{"@context":"https:\/\/schema.org","@graph":[{"@type":["Article","BlogPosting"],"@id":"https:\/\/www.rochester-bern.ch\/de\/blog\/generationen-konflikt-im-verwaltungsrat\/#article","isPartOf":{"@id":"https:\/\/www.rochester-bern.ch\/de\/blog\/generationen-konflikt-im-verwaltungsrat\/"},"author":{"name":"Na'ama Damti","@id":"https:\/\/rochester.incms.net\/#\/schema\/person\/64a153eb6d3add5b6a987891f174e239"},"headline":"Generationen-(Konflikt) im Verwaltungsrat","datePublished":"2025-12-19T10:48:25+00:00","dateModified":"2026-04-23T14:01:12+00:00","mainEntityOfPage":{"@id":"https:\/\/www.rochester-bern.ch\/de\/blog\/generationen-konflikt-im-verwaltungsrat\/"},"wordCount":830,"image":{"@id":"https:\/\/www.rochester-bern.ch\/de\/blog\/generationen-konflikt-im-verwaltungsrat\/#primaryimage"},"thumbnailUrl":"https:\/\/www.rochester-bern.ch\/app\/uploads\/2025\/12\/Board-of-Directors-1.jpg","keywords":["Verwaltungsrat","CAS VR"],"inLanguage":"de"},{"@type":"WebPage","@id":"https:\/\/www.rochester-bern.ch\/de\/blog\/generationen-konflikt-im-verwaltungsrat\/","url":"https:\/\/www.rochester-bern.ch\/de\/blog\/generationen-konflikt-im-verwaltungsrat\/","name":"Generationen-(Konflikt) im Verwaltungsrat &#8211; Rochester-Bern","isPartOf":{"@id":"https:\/\/rochester.incms.net\/#website"},"primaryImageOfPage":{"@id":"https:\/\/www.rochester-bern.ch\/de\/blog\/generationen-konflikt-im-verwaltungsrat\/#primaryimage"},"image":{"@id":"https:\/\/www.rochester-bern.ch\/de\/blog\/generationen-konflikt-im-verwaltungsrat\/#primaryimage"},"thumbnailUrl":"https:\/\/www.rochester-bern.ch\/app\/uploads\/2025\/12\/Board-of-Directors-1.jpg","datePublished":"2025-12-19T10:48:25+00:00","dateModified":"2026-04-23T14:01:12+00:00","author":{"@id":"https:\/\/rochester.incms.net\/#\/schema\/person\/64a153eb6d3add5b6a987891f174e239"},"description":"Woher die Generationsunterschiede kommen und wie eine erfolgreiche Zusammenarbeit gelingen kann, zeigt dieser Beitrag.","breadcrumb":{"@id":"https:\/\/www.rochester-bern.ch\/de\/blog\/generationen-konflikt-im-verwaltungsrat\/#breadcrumb"},"inLanguage":"de","potentialAction":[{"@type":"ReadAction","target":["https:\/\/www.rochester-bern.ch\/de\/blog\/generationen-konflikt-im-verwaltungsrat\/"]}]},{"@type":"ImageObject","inLanguage":"de","@id":"https:\/\/www.rochester-bern.ch\/de\/blog\/generationen-konflikt-im-verwaltungsrat\/#primaryimage","url":"https:\/\/www.rochester-bern.ch\/app\/uploads\/2025\/12\/Board-of-Directors-1.jpg","contentUrl":"https:\/\/www.rochester-bern.ch\/app\/uploads\/2025\/12\/Board-of-Directors-1.jpg","width":5000,"height":3337},{"@type":"BreadcrumbList","@id":"https:\/\/www.rochester-bern.ch\/de\/blog\/generationen-konflikt-im-verwaltungsrat\/#breadcrumb","itemListElement":[{"@type":"ListItem","position":1,"name":"Home","item":"https:\/\/www.rochester-bern.ch\/de\/"},{"@type":"ListItem","position":2,"name":"Generationen-(Konflikt) im Verwaltungsrat"}]},{"@type":"WebSite","@id":"https:\/\/rochester.incms.net\/#website","url":"https:\/\/rochester.incms.net\/","name":"Rochester-Bern","description":"Executive Programs - further Education for Executives","potentialAction":[{"@type":"SearchAction","target":{"@type":"EntryPoint","urlTemplate":"https:\/\/rochester.incms.net\/?s={search_term_string}"},"query-input":{"@type":"PropertyValueSpecification","valueRequired":true,"valueName":"search_term_string"}}],"inLanguage":"de"},{"@type":"Person","@id":"https:\/\/rochester.incms.net\/#\/schema\/person\/64a153eb6d3add5b6a987891f174e239","name":"Na'ama Damti"}]}},"_links":{"self":[{"href":"https:\/\/www.rochester-bern.ch\/de\/wp-json\/wp\/v2\/posts\/21919","targetHints":{"allow":["GET"]}}],"collection":[{"href":"https:\/\/www.rochester-bern.ch\/de\/wp-json\/wp\/v2\/posts"}],"about":[{"href":"https:\/\/www.rochester-bern.ch\/de\/wp-json\/wp\/v2\/types\/post"}],"author":[{"embeddable":true,"href":"https:\/\/www.rochester-bern.ch\/de\/wp-json\/wp\/v2\/users\/19"}],"replies":[{"embeddable":true,"href":"https:\/\/www.rochester-bern.ch\/de\/wp-json\/wp\/v2\/comments?post=21919"}],"version-history":[{"count":9,"href":"https:\/\/www.rochester-bern.ch\/de\/wp-json\/wp\/v2\/posts\/21919\/revisions"}],"predecessor-version":[{"id":23506,"href":"https:\/\/www.rochester-bern.ch\/de\/wp-json\/wp\/v2\/posts\/21919\/revisions\/23506"}],"wp:featuredmedia":[{"embeddable":true,"href":"https:\/\/www.rochester-bern.ch\/de\/wp-json\/wp\/v2\/media\/21926"}],"wp:attachment":[{"href":"https:\/\/www.rochester-bern.ch\/de\/wp-json\/wp\/v2\/media?parent=21919"}],"wp:term":[{"taxonomy":"post_tag","embeddable":true,"href":"https:\/\/www.rochester-bern.ch\/de\/wp-json\/wp\/v2\/tags?post=21919"},{"taxonomy":"language","embeddable":true,"href":"https:\/\/www.rochester-bern.ch\/de\/wp-json\/wp\/v2\/language?post=21919"},{"taxonomy":"topic","embeddable":true,"href":"https:\/\/www.rochester-bern.ch\/de\/wp-json\/wp\/v2\/topic?post=21919"}],"curies":[{"name":"wp","href":"https:\/\/api.w.org\/{rel}","templated":true}]}}