{"id":8359,"date":"2022-10-19T14:28:07","date_gmt":"2022-10-19T14:28:07","guid":{"rendered":"https:\/\/www.rochester-bern.ch\/?p=8359"},"modified":"2025-02-25T09:52:31","modified_gmt":"2025-02-25T09:52:31","slug":"coming-out-eines-ceos","status":"publish","type":"post","link":"https:\/\/www.rochester-bern.ch\/de\/blog\/coming-out-eines-ceos\/","title":{"rendered":"Das Coming-Out eines CEOs"},"content":{"rendered":"<div class=\"et_pb_section et_pb_section_0  et_pb_css_mix_blend_mode et_section_regular et_section_transparent\">\n\t\t\t\t\n\t\t\t\t\n\t\t\t\t\n\t\t\t\t\n\t\t\t\t\n\t\t\t\t\n\t\t\t\t<div class=\"et_pb_module_inner\">\n\t\t\t\t\t<div class=\"et_pb_section et_pb_section_0  et_pb_css_mix_blend_mode et_section_regular et_section_transparent\" >\n            <div >\n\t\t\t\t\n\t\t\t\t\n\t\t\t\t\n\t\t\t\t\n\t\t\t\t\n\t\t\t\t\n\t\t\t\t<div class=\"et_pb_row et_pb_row_0  et_pb_css_mix_blend_mode\">\n\t\t\t\t\n\t\t\t\t\n\t\t\t\t\n\t\t\t\t\n\t\t\t\t\n\t\t\t\t\n\t\t\t\t<div class=\"et_pb_module_inner\">\n\t\t\t\t\t<div class=\"row et_pb_row et_pb_row_0  et_pb_css_mix_blend_mode\">\n\t\t\t\t<div class=\"et_pb_column et_pb_column_1_1 s12 col bg--white et_pb_column_0  et_pb_css_mix_blend_mode et-last-child\">\n\t\t\t\t\n\t\t\t\t\n\t\t\t\t\n\t\t\t\t\n\t\t\t\t<div class=\"et_pb_text text__wrapper block__wrapper  et_pb_wly_text_0\n            mobile-- tablet--off desktop--off\"\n     id=\"\">\n    <div class=\"container\">\n        <div class=\"row\">\n            <div class=\"col s12 l10 xl8  offset-l1 offset-xl2 \">\n                                    <div class=\"wpb_text_column wpb_content_element \">\n<div class=\"wpb_wrapper\">\n<p>Adrian Berchtold ist seit 2018 in der Gesch\u00e4ftsleitung und seit letztem Jahr Mitinhaber der Ruckstuhl AG. Die \u00e4lteste Teppichmanufaktur der Schweiz stellt seit 1881 Naturfaser-Teppiche her. In Zusammenarbeit mit international erfolgreichen Designerinnen und Designern entstehen exklusive textile Bodenbel\u00e4ge und Produkte f\u00fcr den Wohn- und Objektbereich, bei Bedarf auch Sonderanfertigungen nach Mass. Ab Mitte der 1960er-Jahre baute das Familienunternehmen Ruckstuhl das Exportgesch\u00e4ft mit den Schweizer Teppichen kontinuierlich aus. Heute werden fast zwei Drittel des Umsatzes im Ausland get\u00e4tigt \u2013 in Europa, in den USA und im Fernen Osten.<\/p>\n<p style=\"text-align: center;\"><strong><em>\u00abWir sind froh und gl\u00fccklich, sind wir hier alle sehr verschieden.\u00bb<\/em><\/strong><\/p>\n<p>In der Manufaktur kommen um die 30 Mitarbeitende aus 16 Nationen zusammen. Geschlecht, Herkunft, Ethnie, Religion, Politische Meinungen und sexuelle Orientierung sind Nebensache. Wie und mit wem die Mitarbeitenden ihre Freizeit verbringen, sei ihre Privatsache. Die Manufaktur sei ein neutraler Ort, wo man sich mit Respekt begegnet, aufeinander zu geht und sich dennoch als Individuum entfalten kann.<\/p>\n<p>Man kann es wohl Ironie des Schicksals nennen, dass vor zwei Jahren ausgerechnet ein Werbebrief der Zeugen Jehovas zu Adrian Berchtold\u2019s Befreiungsschlag f\u00fchrt. Einer Religionsgemeinschaft, die Homosexualit\u00e4t als S\u00fcnde betrachtet. Unter normalen Umst\u00e4nden h\u00e4tte er dem Schreiben vermutlich gar keine Beachtung geschenkt, aber im Pandemiejahr 2020 habe er viel Zeit zum Nachdenken \u00fcber seine Lebenssituation gehabt. Und genau dann kam der Brief an den Oberaargauer Gesch\u00e4ftsf\u00fchrer, mit der Aufforderung, sie sollten die Botschaft weitertragen von der Familie als h\u00f6chstes Gut, von der Wichtigkeit der Fortpflanzung und dem Weg, der gegen eine kleine finanzielle Abgabe an die Religionsgemeinschaft direkt in den Himmel f\u00fchre.<\/p>\n<p>Ardian Berchtold antwortete den Absendern und schickte seine Reaktion auch an das \u00abMannschaft\u00bb-Magazin, einer f\u00fchrenden Plattform der Gemeinschaft lesbischer, schwuler, bisexueller und transgender Menschen im deutschsprachigen Raum.\u00a0<a href=\"https:\/\/mannschaft.com\/zeugen-jehovas-ich-bin-schwul-und-deswegen-kein-besserer-oder-schlechterer-chef\/?fbclid=IwAR0Ddg29FZWhxI95uTLtjvkHEo_WJa624XxxrAbBVbYo-CVMaLMl5GgGfbU\" target=\"_blank\" rel=\"noopener\">\u00abIch bin schwul und deswegen kein besserer oder schlechterer Chef \u2013 So reagiert ein Unternehmer auf Post von den Zeugen Jehovas\u00bb<\/a>, titelt das Magazin Mitte November.<\/p>\n<p>Er habe mit seinem Coming-out nicht nur sich selbst befreien, sondern auch ein Zeichen setzen wollen, sagt er heute. All jenen jungen Menschen, die f\u00fchlen und durchleben, was er f\u00fchlte und durchlebte. Aber auch all den Gesch\u00e4ftsf\u00fchrer\/innen, an die sich die Zeugen Jehovas mit ihrem Brief richteten. Vielleicht k\u00f6nne er bewirken, dass auch sie sich Gedanken machen und f\u00fcr sich entscheiden, dass die sexuelle Ausrichtung eines Menschen keine Rolle spielen sollte.\u00bb<\/p>\n<p>Wir freuen uns sehr, dass Adrian Berchtold seine Geschichte und F\u00fchrungserfahrungen mit der ersten Klasse unseres \u00ab<a href=\"https:\/\/www.rochester-bern.ch\/de\/programs\/cas-leadership-inclusion\/\" target=\"_blank\" rel=\"noopener\">CAS Leadership and Inclusion<\/a>\u00bb teilen wird.<\/p>\n<\/div>\n<\/div>\n                            <\/div>\n        <\/div>\n    <\/div>\n<\/div>\n\n\t\t\t<\/div>\n\t\t\t\t\n\t\t\t\t\n\t\t\t\t\n\t\t\t\t\n\t\t\t<\/div>\n\t\t\t\t<\/div>\n\t\t\t<\/div>\n\t\t\t\t\n\t\t\t\t\n\t\t\t    <\/div>\n\t\t\t<\/div>\n\t\t\t\t<\/div>\n\t\t\t<\/div>\n","protected":false},"excerpt":{"rendered":"Mit 18 vertraute er sich seinen Eltern an, erst weitere 18 Jahre sp\u00e4ter bekennt sich Adrian Berchtold auch \u00f6ffentlich zu seiner Homosexualit\u00e4t. Der Ruckstuhl-Chef will damit nicht nur sich selbst befreien.","protected":false},"author":7,"featured_media":2031,"comment_status":"open","ping_status":"open","sticky":false,"template":"","format":"standard","meta":{"_acf_changed":false,"_et_pb_use_builder":"on","_et_pb_old_content":"","_et_gb_content_width":"","inline_featured_image":false,"footnotes":""},"tags":[262],"language":[],"topic":[183,125],"class_list":["post-8359","post","type-post","status-publish","format-standard","has-post-thumbnail","hentry","tag-fuehrung","topic-leadership-and-inclusion","topic-karriere"],"acf":[],"yoast_head":"<!-- This site is optimized with the Yoast SEO plugin v27.2 - https:\/\/yoast.com\/product\/yoast-seo-wordpress\/ -->\n<title>Coming-Out eines CEOs<\/title>\n<meta name=\"description\" content=\"Das Coming-Out eines CEOs: Erst mit 36 Jahren bekennt sich Adrian Berchtold auch \u00f6ffentlich zu seiner Homosexualit\u00e4t.\" \/>\n<meta name=\"robots\" content=\"index, follow, max-snippet:-1, max-image-preview:large, max-video-preview:-1\" \/>\n<link rel=\"canonical\" href=\"https:\/\/www.rochester-bern.ch\/de\/blog\/coming-out-eines-ceos\/\" \/>\n<meta property=\"og:locale\" content=\"de_DE\" \/>\n<meta property=\"og:type\" content=\"article\" \/>\n<meta property=\"og:title\" content=\"Coming-Out eines CEOs\" \/>\n<meta property=\"og:description\" content=\"Das Coming-Out eines CEOs: Erst mit 36 Jahren bekennt sich Adrian Berchtold auch \u00f6ffentlich zu seiner Homosexualit\u00e4t.\" \/>\n<meta property=\"og:url\" content=\"https:\/\/www.rochester-bern.ch\/de\/blog\/coming-out-eines-ceos\/\" \/>\n<meta property=\"og:site_name\" content=\"Rochester-Bern\" \/>\n<meta property=\"article:published_time\" content=\"2022-10-19T14:28:07+00:00\" \/>\n<meta property=\"article:modified_time\" content=\"2025-02-25T09:52:31+00:00\" \/>\n<meta property=\"og:image\" content=\"https:\/\/www.rochester-bern.ch\/app\/uploads\/2023\/03\/20220627_picture_blog_berchtold_adrian.jpg\" \/>\n\t<meta property=\"og:image:width\" content=\"1024\" \/>\n\t<meta property=\"og:image:height\" content=\"688\" \/>\n\t<meta property=\"og:image:type\" content=\"image\/jpeg\" \/>\n<meta name=\"author\" content=\"Jessica Siegenthaler\" \/>\n<meta name=\"twitter:card\" content=\"summary_large_image\" \/>\n<meta name=\"twitter:label1\" content=\"Verfasst von\" \/>\n\t<meta name=\"twitter:data1\" content=\"Jessica Siegenthaler\" \/>\n\t<meta name=\"twitter:label2\" content=\"Gesch\u00e4tzte Lesezeit\" \/>\n\t<meta name=\"twitter:data2\" content=\"2\u00a0Minuten\" \/>\n<script type=\"application\/ld+json\" class=\"yoast-schema-graph\">{\"@context\":\"https:\/\/schema.org\",\"@graph\":[{\"@type\":[\"Article\",\"BlogPosting\"],\"@id\":\"https:\/\/www.rochester-bern.ch\/de\/blog\/coming-out-eines-ceos\/#article\",\"isPartOf\":{\"@id\":\"https:\/\/www.rochester-bern.ch\/de\/blog\/coming-out-eines-ceos\/\"},\"author\":{\"name\":\"Jessica Siegenthaler\",\"@id\":\"https:\/\/rochester.incms.net\/#\/schema\/person\/c12d1889774f12098ebf59f51b327619\"},\"headline\":\"Das Coming-Out eines CEOs\",\"datePublished\":\"2022-10-19T14:28:07+00:00\",\"dateModified\":\"2025-02-25T09:52:31+00:00\",\"mainEntityOfPage\":{\"@id\":\"https:\/\/www.rochester-bern.ch\/de\/blog\/coming-out-eines-ceos\/\"},\"wordCount\":499,\"commentCount\":0,\"image\":{\"@id\":\"https:\/\/www.rochester-bern.ch\/de\/blog\/coming-out-eines-ceos\/#primaryimage\"},\"thumbnailUrl\":\"https:\/\/www.rochester-bern.ch\/app\/uploads\/2023\/03\/20220627_picture_blog_berchtold_adrian.jpg\",\"keywords\":[\"F\u00fchrung\"],\"inLanguage\":\"de\",\"potentialAction\":[{\"@type\":\"CommentAction\",\"name\":\"Comment\",\"target\":[\"https:\/\/www.rochester-bern.ch\/de\/blog\/coming-out-eines-ceos\/#respond\"]}]},{\"@type\":\"WebPage\",\"@id\":\"https:\/\/www.rochester-bern.ch\/de\/blog\/coming-out-eines-ceos\/\",\"url\":\"https:\/\/www.rochester-bern.ch\/de\/blog\/coming-out-eines-ceos\/\",\"name\":\"Coming-Out eines CEOs\",\"isPartOf\":{\"@id\":\"https:\/\/rochester.incms.net\/#website\"},\"primaryImageOfPage\":{\"@id\":\"https:\/\/www.rochester-bern.ch\/de\/blog\/coming-out-eines-ceos\/#primaryimage\"},\"image\":{\"@id\":\"https:\/\/www.rochester-bern.ch\/de\/blog\/coming-out-eines-ceos\/#primaryimage\"},\"thumbnailUrl\":\"https:\/\/www.rochester-bern.ch\/app\/uploads\/2023\/03\/20220627_picture_blog_berchtold_adrian.jpg\",\"datePublished\":\"2022-10-19T14:28:07+00:00\",\"dateModified\":\"2025-02-25T09:52:31+00:00\",\"author\":{\"@id\":\"https:\/\/rochester.incms.net\/#\/schema\/person\/c12d1889774f12098ebf59f51b327619\"},\"description\":\"Das Coming-Out eines CEOs: Erst mit 36 Jahren bekennt sich Adrian Berchtold auch \u00f6ffentlich zu seiner Homosexualit\u00e4t.\",\"breadcrumb\":{\"@id\":\"https:\/\/www.rochester-bern.ch\/de\/blog\/coming-out-eines-ceos\/#breadcrumb\"},\"inLanguage\":\"de\",\"potentialAction\":[{\"@type\":\"ReadAction\",\"target\":[\"https:\/\/www.rochester-bern.ch\/de\/blog\/coming-out-eines-ceos\/\"]}]},{\"@type\":\"ImageObject\",\"inLanguage\":\"de\",\"@id\":\"https:\/\/www.rochester-bern.ch\/de\/blog\/coming-out-eines-ceos\/#primaryimage\",\"url\":\"https:\/\/www.rochester-bern.ch\/app\/uploads\/2023\/03\/20220627_picture_blog_berchtold_adrian.jpg\",\"contentUrl\":\"https:\/\/www.rochester-bern.ch\/app\/uploads\/2023\/03\/20220627_picture_blog_berchtold_adrian.jpg\",\"width\":1024,\"height\":688,\"caption\":\"Adrian Berchtold\"},{\"@type\":\"BreadcrumbList\",\"@id\":\"https:\/\/www.rochester-bern.ch\/de\/blog\/coming-out-eines-ceos\/#breadcrumb\",\"itemListElement\":[{\"@type\":\"ListItem\",\"position\":1,\"name\":\"Home\",\"item\":\"https:\/\/www.rochester-bern.ch\/de\/\"},{\"@type\":\"ListItem\",\"position\":2,\"name\":\"Das Coming-Out eines CEOs\"}]},{\"@type\":\"WebSite\",\"@id\":\"https:\/\/rochester.incms.net\/#website\",\"url\":\"https:\/\/rochester.incms.net\/\",\"name\":\"Rochester-Bern\",\"description\":\"Executive Programs - further Education for Executives\",\"potentialAction\":[{\"@type\":\"SearchAction\",\"target\":{\"@type\":\"EntryPoint\",\"urlTemplate\":\"https:\/\/rochester.incms.net\/?s={search_term_string}\"},\"query-input\":{\"@type\":\"PropertyValueSpecification\",\"valueRequired\":true,\"valueName\":\"search_term_string\"}}],\"inLanguage\":\"de\"},{\"@type\":\"Person\",\"@id\":\"https:\/\/rochester.incms.net\/#\/schema\/person\/c12d1889774f12098ebf59f51b327619\",\"name\":\"Jessica Siegenthaler\"}]}<\/script>\n<!-- \/ Yoast SEO plugin. -->","yoast_head_json":{"title":"Coming-Out eines CEOs","description":"Das Coming-Out eines CEOs: Erst mit 36 Jahren bekennt sich Adrian Berchtold auch \u00f6ffentlich zu seiner Homosexualit\u00e4t.","robots":{"index":"index","follow":"follow","max-snippet":"max-snippet:-1","max-image-preview":"max-image-preview:large","max-video-preview":"max-video-preview:-1"},"canonical":"https:\/\/www.rochester-bern.ch\/de\/blog\/coming-out-eines-ceos\/","og_locale":"de_DE","og_type":"article","og_title":"Coming-Out eines CEOs","og_description":"Das Coming-Out eines CEOs: Erst mit 36 Jahren bekennt sich Adrian Berchtold auch \u00f6ffentlich zu seiner Homosexualit\u00e4t.","og_url":"https:\/\/www.rochester-bern.ch\/de\/blog\/coming-out-eines-ceos\/","og_site_name":"Rochester-Bern","article_published_time":"2022-10-19T14:28:07+00:00","article_modified_time":"2025-02-25T09:52:31+00:00","og_image":[{"width":1024,"height":688,"url":"https:\/\/www.rochester-bern.ch\/app\/uploads\/2023\/03\/20220627_picture_blog_berchtold_adrian.jpg","type":"image\/jpeg"}],"author":"Jessica Siegenthaler","twitter_card":"summary_large_image","twitter_misc":{"Verfasst von":"Jessica Siegenthaler","Gesch\u00e4tzte Lesezeit":"2\u00a0Minuten"},"schema":{"@context":"https:\/\/schema.org","@graph":[{"@type":["Article","BlogPosting"],"@id":"https:\/\/www.rochester-bern.ch\/de\/blog\/coming-out-eines-ceos\/#article","isPartOf":{"@id":"https:\/\/www.rochester-bern.ch\/de\/blog\/coming-out-eines-ceos\/"},"author":{"name":"Jessica Siegenthaler","@id":"https:\/\/rochester.incms.net\/#\/schema\/person\/c12d1889774f12098ebf59f51b327619"},"headline":"Das Coming-Out eines CEOs","datePublished":"2022-10-19T14:28:07+00:00","dateModified":"2025-02-25T09:52:31+00:00","mainEntityOfPage":{"@id":"https:\/\/www.rochester-bern.ch\/de\/blog\/coming-out-eines-ceos\/"},"wordCount":499,"commentCount":0,"image":{"@id":"https:\/\/www.rochester-bern.ch\/de\/blog\/coming-out-eines-ceos\/#primaryimage"},"thumbnailUrl":"https:\/\/www.rochester-bern.ch\/app\/uploads\/2023\/03\/20220627_picture_blog_berchtold_adrian.jpg","keywords":["F\u00fchrung"],"inLanguage":"de","potentialAction":[{"@type":"CommentAction","name":"Comment","target":["https:\/\/www.rochester-bern.ch\/de\/blog\/coming-out-eines-ceos\/#respond"]}]},{"@type":"WebPage","@id":"https:\/\/www.rochester-bern.ch\/de\/blog\/coming-out-eines-ceos\/","url":"https:\/\/www.rochester-bern.ch\/de\/blog\/coming-out-eines-ceos\/","name":"Coming-Out eines CEOs","isPartOf":{"@id":"https:\/\/rochester.incms.net\/#website"},"primaryImageOfPage":{"@id":"https:\/\/www.rochester-bern.ch\/de\/blog\/coming-out-eines-ceos\/#primaryimage"},"image":{"@id":"https:\/\/www.rochester-bern.ch\/de\/blog\/coming-out-eines-ceos\/#primaryimage"},"thumbnailUrl":"https:\/\/www.rochester-bern.ch\/app\/uploads\/2023\/03\/20220627_picture_blog_berchtold_adrian.jpg","datePublished":"2022-10-19T14:28:07+00:00","dateModified":"2025-02-25T09:52:31+00:00","author":{"@id":"https:\/\/rochester.incms.net\/#\/schema\/person\/c12d1889774f12098ebf59f51b327619"},"description":"Das Coming-Out eines CEOs: Erst mit 36 Jahren bekennt sich Adrian Berchtold auch \u00f6ffentlich zu seiner Homosexualit\u00e4t.","breadcrumb":{"@id":"https:\/\/www.rochester-bern.ch\/de\/blog\/coming-out-eines-ceos\/#breadcrumb"},"inLanguage":"de","potentialAction":[{"@type":"ReadAction","target":["https:\/\/www.rochester-bern.ch\/de\/blog\/coming-out-eines-ceos\/"]}]},{"@type":"ImageObject","inLanguage":"de","@id":"https:\/\/www.rochester-bern.ch\/de\/blog\/coming-out-eines-ceos\/#primaryimage","url":"https:\/\/www.rochester-bern.ch\/app\/uploads\/2023\/03\/20220627_picture_blog_berchtold_adrian.jpg","contentUrl":"https:\/\/www.rochester-bern.ch\/app\/uploads\/2023\/03\/20220627_picture_blog_berchtold_adrian.jpg","width":1024,"height":688,"caption":"Adrian Berchtold"},{"@type":"BreadcrumbList","@id":"https:\/\/www.rochester-bern.ch\/de\/blog\/coming-out-eines-ceos\/#breadcrumb","itemListElement":[{"@type":"ListItem","position":1,"name":"Home","item":"https:\/\/www.rochester-bern.ch\/de\/"},{"@type":"ListItem","position":2,"name":"Das Coming-Out eines CEOs"}]},{"@type":"WebSite","@id":"https:\/\/rochester.incms.net\/#website","url":"https:\/\/rochester.incms.net\/","name":"Rochester-Bern","description":"Executive Programs - further Education for Executives","potentialAction":[{"@type":"SearchAction","target":{"@type":"EntryPoint","urlTemplate":"https:\/\/rochester.incms.net\/?s={search_term_string}"},"query-input":{"@type":"PropertyValueSpecification","valueRequired":true,"valueName":"search_term_string"}}],"inLanguage":"de"},{"@type":"Person","@id":"https:\/\/rochester.incms.net\/#\/schema\/person\/c12d1889774f12098ebf59f51b327619","name":"Jessica Siegenthaler"}]}},"_links":{"self":[{"href":"https:\/\/www.rochester-bern.ch\/de\/wp-json\/wp\/v2\/posts\/8359","targetHints":{"allow":["GET"]}}],"collection":[{"href":"https:\/\/www.rochester-bern.ch\/de\/wp-json\/wp\/v2\/posts"}],"about":[{"href":"https:\/\/www.rochester-bern.ch\/de\/wp-json\/wp\/v2\/types\/post"}],"author":[{"embeddable":true,"href":"https:\/\/www.rochester-bern.ch\/de\/wp-json\/wp\/v2\/users\/7"}],"replies":[{"embeddable":true,"href":"https:\/\/www.rochester-bern.ch\/de\/wp-json\/wp\/v2\/comments?post=8359"}],"version-history":[{"count":6,"href":"https:\/\/www.rochester-bern.ch\/de\/wp-json\/wp\/v2\/posts\/8359\/revisions"}],"predecessor-version":[{"id":14506,"href":"https:\/\/www.rochester-bern.ch\/de\/wp-json\/wp\/v2\/posts\/8359\/revisions\/14506"}],"wp:featuredmedia":[{"embeddable":true,"href":"https:\/\/www.rochester-bern.ch\/de\/wp-json\/wp\/v2\/media\/2031"}],"wp:attachment":[{"href":"https:\/\/www.rochester-bern.ch\/de\/wp-json\/wp\/v2\/media?parent=8359"}],"wp:term":[{"taxonomy":"post_tag","embeddable":true,"href":"https:\/\/www.rochester-bern.ch\/de\/wp-json\/wp\/v2\/tags?post=8359"},{"taxonomy":"language","embeddable":true,"href":"https:\/\/www.rochester-bern.ch\/de\/wp-json\/wp\/v2\/language?post=8359"},{"taxonomy":"topic","embeddable":true,"href":"https:\/\/www.rochester-bern.ch\/de\/wp-json\/wp\/v2\/topic?post=8359"}],"curies":[{"name":"wp","href":"https:\/\/api.w.org\/{rel}","templated":true}]}}