{"id":8416,"date":"2022-09-27T08:30:47","date_gmt":"2022-09-27T08:30:47","guid":{"rendered":"https:\/\/www.rochester-bern.ch\/?p=8416"},"modified":"2025-02-25T09:05:53","modified_gmt":"2025-02-25T09:05:53","slug":"vom-fluechtling-zum-klinikdirektor","status":"publish","type":"post","link":"https:\/\/www.rochester-bern.ch\/de\/blog\/vom-fluechtling-zum-klinikdirektor\/","title":{"rendered":"\u00abVom Fl\u00fcchtling zum Klinikdirektor und Chefarzt\u00bb"},"content":{"rendered":"<div class=\"et_pb_section et_pb_section_0  et_pb_css_mix_blend_mode et_section_regular et_section_transparent\">\n\t\t\t\t\n\t\t\t\t\n\t\t\t\t\n\t\t\t\t\n\t\t\t\t\n\t\t\t\t\n\t\t\t\t<div class=\"et_pb_module_inner\">\n\t\t\t\t\t<div class=\"et_pb_section et_pb_section_0  et_pb_css_mix_blend_mode et_section_regular et_section_transparent\" >\n            <div >\n\t\t\t\t\n\t\t\t\t\n\t\t\t\t\n\t\t\t\t\n\t\t\t\t\n\t\t\t\t\n\t\t\t\t<div class=\"et_pb_row et_pb_row_0  et_pb_css_mix_blend_mode\">\n\t\t\t\t\n\t\t\t\t\n\t\t\t\t\n\t\t\t\t\n\t\t\t\t\n\t\t\t\t\n\t\t\t\t<div class=\"et_pb_module_inner\">\n\t\t\t\t\t<div class=\"row et_pb_row et_pb_row_0  et_pb_css_mix_blend_mode\">\n\t\t\t\t<div class=\"et_pb_column et_pb_column_1_1 s12 col bg--white et_pb_column_0  et_pb_css_mix_blend_mode et-last-child\">\n\t\t\t\t\n\t\t\t\t\n\t\t\t\t\n\t\t\t\t\n\t\t\t\t<div class=\"et_pb_text text__wrapper block__wrapper  et_pb_wly_text_0\n            mobile-- tablet--off desktop--off\"\n     id=\"\">\n    <div class=\"container\">\n        <div class=\"row\">\n            <div class=\"col s12 l10 xl8  offset-l1 offset-xl2 \">\n                                    <div class=\"wpb_text_column wpb_content_element \">\n<div class=\"wpb_wrapper\">\n<p>Professor Omer Dzemali arbeitet seit 2009 im Zu\u0308rcher Triemli-Spital und ist dort seit 2018 Chef der Herzchirurgie. Der gebu\u0308rtige Albaner aus Nordmazedonien und Sohn eines Lehrer-Ehepaares aus Tearc\u00eb, studierte zu Beginn seiner Karriere in Sarajevo, welches er nach Ausbruch des Balkankrieges fluchtartig verlassen musste. Ohne Deutschkenntnisse und finanzielle Mittel gelangte er 1992 nach Deutschland. Nach Abschluss seines Studiums in Mainz und seiner Habilitierung in Frankfurt wurde er als leitender Arzt und stellvertretender Chefarzt ans Triemli-Spital in Zu\u0308rich berufen, dessen Herzchirurgie er jetzt leitet. Ab dem 01.12.2022 ist er designierter Direktor der Klinik f\u00fcr Herzchirurgie am USZ und Leiter der Allianz Herzchirurgie Z\u00fcrich. Auf seinem Weg wurde ihm immer wieder auf unterschiedlichste Art und Weise geholfen, wof\u00fcr er sehr dankbar ist.<\/p>\n<p>Sein Wunsch Arzt zu werden keimte fr\u00fch auf. In dem kleinen Dorf, in welchem er aufwuchs, gab es nur drei Autos. Seine Grossmutter hatte ein schwaches Herz und jedes Mal, wenn es ihr schlecht ging, war sein Vater verzweifelt auf der Suche nach einem der drei Autobesitzer, um die Oma ins Spital zu bringen. Als er neun Jahre alt war, starb sie mit gerade mal 63. Damals entstand der innige Wunsch zu helfen, um zu verhindern, dass Familienmitglieder ihre Liebsten zu fr\u00fch verlieren.<\/p>\n<p>Letztes Jahr erh\u00e4lt Professor Dzemali den SIWF-Award f\u00fcr sein besonderes Engagement in der Weiterbildung. Nominiert haben ihn seine Assistenz\u00e4rztinnen und Assistenz\u00e4rzte, die damit ihre grosse Wertsch\u00e4tzung gegen\u00fcber seiner Weiterbildungsqualit\u00e4t und seinem pers\u00f6nlichen Engagement ausdr\u00fccken. Dzemali freut dies ganz besonders: Im Jahr 2021 hat die Klinik f\u00fcr Herzchirurgie den Weiterbildungsstatus A erreicht. Das war einer seiner Hauptziele in Bezug auf die Weiterbildung von angehenden herzchirurgischen Fach\u00e4rztinnen und Fach\u00e4rzten. Ihm pers\u00f6nlich liegt es sehr am Herzen, dass durchstrukturierte und t\u00e4gliche Ausbildung neue Kolleginnen und Kollegen gewonnen werden. Mittlerweile ist die Klinik f\u00fcr Herzchirurgie am Stadtspital Z\u00fcrich f\u00fchrend im Bereich der minimalinvasiven Herzchirurgie. Unter dem Motto: \u201cEine qualitativ hochspezialisierte Herzchirurgie, patienten- und zuweiserorientiert\u201d ist es Prof. Dzemali gelungen, durch einen modernen F\u00fchrungsstil ein hervorragendes Team um sich herum zu bilden.<\/p>\n<p>Wir freuen uns sehr, dass Professor Dzemali seine Geschichte und F\u00fchrungserfahrungen mit der ersten Klasse unseres <a href=\"https:\/\/www.rochester-bern.ch\/de\/programs\/cas-leadership-inclusion\/\" target=\"_blank\" rel=\"noopener\">CAS Leadership and Inclusion<\/a> teilen wird.<\/p>\n<\/div>\n<\/div>\n                            <\/div>\n        <\/div>\n    <\/div>\n<\/div>\n\n\t\t\t<\/div>\n\t\t\t\t\n\t\t\t\t\n\t\t\t\t\n\t\t\t\t\n\t\t\t<\/div>\n\t\t\t\t<\/div>\n\t\t\t<\/div>\n\t\t\t\t\n\t\t\t\t\n\t\t\t    <\/div>\n\t\t\t<\/div>\n\t\t\t\t<\/div>\n\t\t\t<\/div>\n","protected":false},"excerpt":{"rendered":"Omer Dzemali musste seine Heimat wegen des Bosnien-Kriegs verlassen. Er erwischte den letzten Flug aus dem Kriegsgebiet. Danach hat er sich schrittweise hoch gearbeitet und ist heute Chefarzt der Klinik f\u00fcr Herzchirurgie am Z\u00fcrcher Stadtspital Triemli.","protected":false},"author":7,"featured_media":8415,"comment_status":"open","ping_status":"open","sticky":false,"template":"","format":"standard","meta":{"_acf_changed":false,"_et_pb_use_builder":"on","_et_pb_old_content":"","_et_gb_content_width":"","inline_featured_image":false,"footnotes":""},"tags":[127,262],"language":[32],"topic":[183,125],"class_list":["post-8416","post","type-post","status-publish","format-standard","has-post-thumbnail","hentry","tag-karriere","tag-fuehrung","language-deutsch","topic-leadership-and-inclusion","topic-karriere"],"acf":[],"yoast_head":"<!-- This site is optimized with the Yoast SEO plugin v27.2 - https:\/\/yoast.com\/product\/yoast-seo-wordpress\/ -->\n<title>Vom Fl\u00fcchtling zum Klinikdirektor<\/title>\n<meta name=\"description\" content=\"&quot;Vom Fl\u00fcchtling zum Klinikdirektor und Chefarzt&quot;: Omer Dzemali musste seine Heimat wegen des Bosnien-Kriegs verlassen.\" \/>\n<meta name=\"robots\" content=\"index, follow, max-snippet:-1, max-image-preview:large, max-video-preview:-1\" \/>\n<link rel=\"canonical\" href=\"https:\/\/www.rochester-bern.ch\/de\/blog\/vom-fluechtling-zum-klinikdirektor\/\" \/>\n<meta property=\"og:locale\" content=\"de_DE\" \/>\n<meta property=\"og:type\" content=\"article\" \/>\n<meta property=\"og:title\" content=\"Vom Fl\u00fcchtling zum Klinikdirektor\" \/>\n<meta property=\"og:description\" content=\"&quot;Vom Fl\u00fcchtling zum Klinikdirektor und Chefarzt&quot;: Omer Dzemali musste seine Heimat wegen des Bosnien-Kriegs verlassen.\" \/>\n<meta property=\"og:url\" content=\"https:\/\/www.rochester-bern.ch\/de\/blog\/vom-fluechtling-zum-klinikdirektor\/\" \/>\n<meta property=\"og:site_name\" content=\"Rochester-Bern\" \/>\n<meta property=\"article:published_time\" content=\"2022-09-27T08:30:47+00:00\" \/>\n<meta property=\"article:modified_time\" content=\"2025-02-25T09:05:53+00:00\" \/>\n<meta property=\"og:image\" content=\"https:\/\/www.rochester-bern.ch\/app\/uploads\/2023\/05\/20220927_picture_omer_dzemali.jpg\" \/>\n\t<meta property=\"og:image:width\" content=\"383\" \/>\n\t<meta property=\"og:image:height\" content=\"256\" \/>\n\t<meta property=\"og:image:type\" content=\"image\/jpeg\" \/>\n<meta name=\"author\" content=\"Jessica Siegenthaler\" \/>\n<meta name=\"twitter:card\" content=\"summary_large_image\" \/>\n<meta name=\"twitter:label1\" content=\"Verfasst von\" \/>\n\t<meta name=\"twitter:data1\" content=\"Jessica Siegenthaler\" \/>\n\t<meta name=\"twitter:label2\" content=\"Gesch\u00e4tzte Lesezeit\" \/>\n\t<meta name=\"twitter:data2\" content=\"2\u00a0Minuten\" \/>\n<script type=\"application\/ld+json\" class=\"yoast-schema-graph\">{\"@context\":\"https:\/\/schema.org\",\"@graph\":[{\"@type\":[\"Article\",\"BlogPosting\"],\"@id\":\"https:\/\/www.rochester-bern.ch\/de\/blog\/vom-fluechtling-zum-klinikdirektor\/#article\",\"isPartOf\":{\"@id\":\"https:\/\/www.rochester-bern.ch\/de\/blog\/vom-fluechtling-zum-klinikdirektor\/\"},\"author\":{\"name\":\"Jessica Siegenthaler\",\"@id\":\"https:\/\/rochester.incms.net\/#\/schema\/person\/c12d1889774f12098ebf59f51b327619\"},\"headline\":\"\u00abVom Fl\u00fcchtling zum Klinikdirektor und Chefarzt\u00bb\",\"datePublished\":\"2022-09-27T08:30:47+00:00\",\"dateModified\":\"2025-02-25T09:05:53+00:00\",\"mainEntityOfPage\":{\"@id\":\"https:\/\/www.rochester-bern.ch\/de\/blog\/vom-fluechtling-zum-klinikdirektor\/\"},\"wordCount\":453,\"commentCount\":0,\"image\":{\"@id\":\"https:\/\/www.rochester-bern.ch\/de\/blog\/vom-fluechtling-zum-klinikdirektor\/#primaryimage\"},\"thumbnailUrl\":\"https:\/\/www.rochester-bern.ch\/app\/uploads\/2023\/05\/20220927_picture_omer_dzemali.jpg\",\"keywords\":[\"Karriere\",\"F\u00fchrung\"],\"inLanguage\":\"de\",\"potentialAction\":[{\"@type\":\"CommentAction\",\"name\":\"Comment\",\"target\":[\"https:\/\/www.rochester-bern.ch\/de\/blog\/vom-fluechtling-zum-klinikdirektor\/#respond\"]}]},{\"@type\":\"WebPage\",\"@id\":\"https:\/\/www.rochester-bern.ch\/de\/blog\/vom-fluechtling-zum-klinikdirektor\/\",\"url\":\"https:\/\/www.rochester-bern.ch\/de\/blog\/vom-fluechtling-zum-klinikdirektor\/\",\"name\":\"Vom Fl\u00fcchtling zum Klinikdirektor\",\"isPartOf\":{\"@id\":\"https:\/\/rochester.incms.net\/#website\"},\"primaryImageOfPage\":{\"@id\":\"https:\/\/www.rochester-bern.ch\/de\/blog\/vom-fluechtling-zum-klinikdirektor\/#primaryimage\"},\"image\":{\"@id\":\"https:\/\/www.rochester-bern.ch\/de\/blog\/vom-fluechtling-zum-klinikdirektor\/#primaryimage\"},\"thumbnailUrl\":\"https:\/\/www.rochester-bern.ch\/app\/uploads\/2023\/05\/20220927_picture_omer_dzemali.jpg\",\"datePublished\":\"2022-09-27T08:30:47+00:00\",\"dateModified\":\"2025-02-25T09:05:53+00:00\",\"author\":{\"@id\":\"https:\/\/rochester.incms.net\/#\/schema\/person\/c12d1889774f12098ebf59f51b327619\"},\"description\":\"\\\"Vom Fl\u00fcchtling zum Klinikdirektor und Chefarzt\\\": Omer Dzemali musste seine Heimat wegen des Bosnien-Kriegs verlassen.\",\"breadcrumb\":{\"@id\":\"https:\/\/www.rochester-bern.ch\/de\/blog\/vom-fluechtling-zum-klinikdirektor\/#breadcrumb\"},\"inLanguage\":\"de\",\"potentialAction\":[{\"@type\":\"ReadAction\",\"target\":[\"https:\/\/www.rochester-bern.ch\/de\/blog\/vom-fluechtling-zum-klinikdirektor\/\"]}]},{\"@type\":\"ImageObject\",\"inLanguage\":\"de\",\"@id\":\"https:\/\/www.rochester-bern.ch\/de\/blog\/vom-fluechtling-zum-klinikdirektor\/#primaryimage\",\"url\":\"https:\/\/www.rochester-bern.ch\/app\/uploads\/2023\/05\/20220927_picture_omer_dzemali.jpg\",\"contentUrl\":\"https:\/\/www.rochester-bern.ch\/app\/uploads\/2023\/05\/20220927_picture_omer_dzemali.jpg\",\"width\":383,\"height\":256,\"caption\":\"Omer Dzemali\"},{\"@type\":\"BreadcrumbList\",\"@id\":\"https:\/\/www.rochester-bern.ch\/de\/blog\/vom-fluechtling-zum-klinikdirektor\/#breadcrumb\",\"itemListElement\":[{\"@type\":\"ListItem\",\"position\":1,\"name\":\"Home\",\"item\":\"https:\/\/www.rochester-bern.ch\/de\/\"},{\"@type\":\"ListItem\",\"position\":2,\"name\":\"\u00abVom Fl\u00fcchtling zum Klinikdirektor und Chefarzt\u00bb\"}]},{\"@type\":\"WebSite\",\"@id\":\"https:\/\/rochester.incms.net\/#website\",\"url\":\"https:\/\/rochester.incms.net\/\",\"name\":\"Rochester-Bern\",\"description\":\"Executive Programs - further Education for Executives\",\"potentialAction\":[{\"@type\":\"SearchAction\",\"target\":{\"@type\":\"EntryPoint\",\"urlTemplate\":\"https:\/\/rochester.incms.net\/?s={search_term_string}\"},\"query-input\":{\"@type\":\"PropertyValueSpecification\",\"valueRequired\":true,\"valueName\":\"search_term_string\"}}],\"inLanguage\":\"de\"},{\"@type\":\"Person\",\"@id\":\"https:\/\/rochester.incms.net\/#\/schema\/person\/c12d1889774f12098ebf59f51b327619\",\"name\":\"Jessica Siegenthaler\"}]}<\/script>\n<!-- \/ Yoast SEO plugin. -->","yoast_head_json":{"title":"Vom Fl\u00fcchtling zum Klinikdirektor","description":"\"Vom Fl\u00fcchtling zum Klinikdirektor und Chefarzt\": Omer Dzemali musste seine Heimat wegen des Bosnien-Kriegs verlassen.","robots":{"index":"index","follow":"follow","max-snippet":"max-snippet:-1","max-image-preview":"max-image-preview:large","max-video-preview":"max-video-preview:-1"},"canonical":"https:\/\/www.rochester-bern.ch\/de\/blog\/vom-fluechtling-zum-klinikdirektor\/","og_locale":"de_DE","og_type":"article","og_title":"Vom Fl\u00fcchtling zum Klinikdirektor","og_description":"\"Vom Fl\u00fcchtling zum Klinikdirektor und Chefarzt\": Omer Dzemali musste seine Heimat wegen des Bosnien-Kriegs verlassen.","og_url":"https:\/\/www.rochester-bern.ch\/de\/blog\/vom-fluechtling-zum-klinikdirektor\/","og_site_name":"Rochester-Bern","article_published_time":"2022-09-27T08:30:47+00:00","article_modified_time":"2025-02-25T09:05:53+00:00","og_image":[{"width":383,"height":256,"url":"https:\/\/www.rochester-bern.ch\/app\/uploads\/2023\/05\/20220927_picture_omer_dzemali.jpg","type":"image\/jpeg"}],"author":"Jessica Siegenthaler","twitter_card":"summary_large_image","twitter_misc":{"Verfasst von":"Jessica Siegenthaler","Gesch\u00e4tzte Lesezeit":"2\u00a0Minuten"},"schema":{"@context":"https:\/\/schema.org","@graph":[{"@type":["Article","BlogPosting"],"@id":"https:\/\/www.rochester-bern.ch\/de\/blog\/vom-fluechtling-zum-klinikdirektor\/#article","isPartOf":{"@id":"https:\/\/www.rochester-bern.ch\/de\/blog\/vom-fluechtling-zum-klinikdirektor\/"},"author":{"name":"Jessica Siegenthaler","@id":"https:\/\/rochester.incms.net\/#\/schema\/person\/c12d1889774f12098ebf59f51b327619"},"headline":"\u00abVom Fl\u00fcchtling zum Klinikdirektor und Chefarzt\u00bb","datePublished":"2022-09-27T08:30:47+00:00","dateModified":"2025-02-25T09:05:53+00:00","mainEntityOfPage":{"@id":"https:\/\/www.rochester-bern.ch\/de\/blog\/vom-fluechtling-zum-klinikdirektor\/"},"wordCount":453,"commentCount":0,"image":{"@id":"https:\/\/www.rochester-bern.ch\/de\/blog\/vom-fluechtling-zum-klinikdirektor\/#primaryimage"},"thumbnailUrl":"https:\/\/www.rochester-bern.ch\/app\/uploads\/2023\/05\/20220927_picture_omer_dzemali.jpg","keywords":["Karriere","F\u00fchrung"],"inLanguage":"de","potentialAction":[{"@type":"CommentAction","name":"Comment","target":["https:\/\/www.rochester-bern.ch\/de\/blog\/vom-fluechtling-zum-klinikdirektor\/#respond"]}]},{"@type":"WebPage","@id":"https:\/\/www.rochester-bern.ch\/de\/blog\/vom-fluechtling-zum-klinikdirektor\/","url":"https:\/\/www.rochester-bern.ch\/de\/blog\/vom-fluechtling-zum-klinikdirektor\/","name":"Vom Fl\u00fcchtling zum Klinikdirektor","isPartOf":{"@id":"https:\/\/rochester.incms.net\/#website"},"primaryImageOfPage":{"@id":"https:\/\/www.rochester-bern.ch\/de\/blog\/vom-fluechtling-zum-klinikdirektor\/#primaryimage"},"image":{"@id":"https:\/\/www.rochester-bern.ch\/de\/blog\/vom-fluechtling-zum-klinikdirektor\/#primaryimage"},"thumbnailUrl":"https:\/\/www.rochester-bern.ch\/app\/uploads\/2023\/05\/20220927_picture_omer_dzemali.jpg","datePublished":"2022-09-27T08:30:47+00:00","dateModified":"2025-02-25T09:05:53+00:00","author":{"@id":"https:\/\/rochester.incms.net\/#\/schema\/person\/c12d1889774f12098ebf59f51b327619"},"description":"\"Vom Fl\u00fcchtling zum Klinikdirektor und Chefarzt\": Omer Dzemali musste seine Heimat wegen des Bosnien-Kriegs verlassen.","breadcrumb":{"@id":"https:\/\/www.rochester-bern.ch\/de\/blog\/vom-fluechtling-zum-klinikdirektor\/#breadcrumb"},"inLanguage":"de","potentialAction":[{"@type":"ReadAction","target":["https:\/\/www.rochester-bern.ch\/de\/blog\/vom-fluechtling-zum-klinikdirektor\/"]}]},{"@type":"ImageObject","inLanguage":"de","@id":"https:\/\/www.rochester-bern.ch\/de\/blog\/vom-fluechtling-zum-klinikdirektor\/#primaryimage","url":"https:\/\/www.rochester-bern.ch\/app\/uploads\/2023\/05\/20220927_picture_omer_dzemali.jpg","contentUrl":"https:\/\/www.rochester-bern.ch\/app\/uploads\/2023\/05\/20220927_picture_omer_dzemali.jpg","width":383,"height":256,"caption":"Omer Dzemali"},{"@type":"BreadcrumbList","@id":"https:\/\/www.rochester-bern.ch\/de\/blog\/vom-fluechtling-zum-klinikdirektor\/#breadcrumb","itemListElement":[{"@type":"ListItem","position":1,"name":"Home","item":"https:\/\/www.rochester-bern.ch\/de\/"},{"@type":"ListItem","position":2,"name":"\u00abVom Fl\u00fcchtling zum Klinikdirektor und Chefarzt\u00bb"}]},{"@type":"WebSite","@id":"https:\/\/rochester.incms.net\/#website","url":"https:\/\/rochester.incms.net\/","name":"Rochester-Bern","description":"Executive Programs - further Education for Executives","potentialAction":[{"@type":"SearchAction","target":{"@type":"EntryPoint","urlTemplate":"https:\/\/rochester.incms.net\/?s={search_term_string}"},"query-input":{"@type":"PropertyValueSpecification","valueRequired":true,"valueName":"search_term_string"}}],"inLanguage":"de"},{"@type":"Person","@id":"https:\/\/rochester.incms.net\/#\/schema\/person\/c12d1889774f12098ebf59f51b327619","name":"Jessica Siegenthaler"}]}},"_links":{"self":[{"href":"https:\/\/www.rochester-bern.ch\/de\/wp-json\/wp\/v2\/posts\/8416","targetHints":{"allow":["GET"]}}],"collection":[{"href":"https:\/\/www.rochester-bern.ch\/de\/wp-json\/wp\/v2\/posts"}],"about":[{"href":"https:\/\/www.rochester-bern.ch\/de\/wp-json\/wp\/v2\/types\/post"}],"author":[{"embeddable":true,"href":"https:\/\/www.rochester-bern.ch\/de\/wp-json\/wp\/v2\/users\/7"}],"replies":[{"embeddable":true,"href":"https:\/\/www.rochester-bern.ch\/de\/wp-json\/wp\/v2\/comments?post=8416"}],"version-history":[{"count":5,"href":"https:\/\/www.rochester-bern.ch\/de\/wp-json\/wp\/v2\/posts\/8416\/revisions"}],"predecessor-version":[{"id":14484,"href":"https:\/\/www.rochester-bern.ch\/de\/wp-json\/wp\/v2\/posts\/8416\/revisions\/14484"}],"wp:featuredmedia":[{"embeddable":true,"href":"https:\/\/www.rochester-bern.ch\/de\/wp-json\/wp\/v2\/media\/8415"}],"wp:attachment":[{"href":"https:\/\/www.rochester-bern.ch\/de\/wp-json\/wp\/v2\/media?parent=8416"}],"wp:term":[{"taxonomy":"post_tag","embeddable":true,"href":"https:\/\/www.rochester-bern.ch\/de\/wp-json\/wp\/v2\/tags?post=8416"},{"taxonomy":"language","embeddable":true,"href":"https:\/\/www.rochester-bern.ch\/de\/wp-json\/wp\/v2\/language?post=8416"},{"taxonomy":"topic","embeddable":true,"href":"https:\/\/www.rochester-bern.ch\/de\/wp-json\/wp\/v2\/topic?post=8416"}],"curies":[{"name":"wp","href":"https:\/\/api.w.org\/{rel}","templated":true}]}}