{"id":8835,"date":"2020-05-25T09:44:58","date_gmt":"2020-05-25T09:44:58","guid":{"rendered":"https:\/\/www.rochester-bern.ch\/?p=8835"},"modified":"2025-02-26T12:10:56","modified_gmt":"2025-02-26T12:10:56","slug":"emba-professor-aymo-brunetti","status":"publish","type":"post","link":"https:\/\/www.rochester-bern.ch\/de\/blog\/emba-professor-aymo-brunetti\/","title":{"rendered":"Rochester-Bern EMBA Professor Aymo Brunetti Wird Verwaltungsrat Von Mobiliar"},"content":{"rendered":"<div class=\"et_pb_section et_pb_section_0  et_pb_css_mix_blend_mode et_section_regular et_section_transparent\">\n\t\t\t\t\n\t\t\t\t\n\t\t\t\t\n\t\t\t\t\n\t\t\t\t\n\t\t\t\t\n\t\t\t\t<div class=\"et_pb_module_inner\">\n\t\t\t\t\t<div class=\"et_pb_section et_pb_section_0  et_pb_css_mix_blend_mode et_section_regular et_section_transparent\" >\n            <div >\n\t\t\t\t\n\t\t\t\t\n\t\t\t\t\n\t\t\t\t\n\t\t\t\t\n\t\t\t\t\n\t\t\t\t<div class=\"et_pb_row et_pb_row_0  et_pb_css_mix_blend_mode\">\n\t\t\t\t\n\t\t\t\t\n\t\t\t\t\n\t\t\t\t\n\t\t\t\t\n\t\t\t\t\n\t\t\t\t<div class=\"et_pb_module_inner\">\n\t\t\t\t\t<div class=\"row et_pb_row et_pb_row_0  et_pb_css_mix_blend_mode\">\n\t\t\t\t<div class=\"et_pb_column et_pb_column_1_1 s12 col bg--white et_pb_column_0  et_pb_css_mix_blend_mode et-last-child\">\n\t\t\t\t\n\t\t\t\t\n\t\t\t\t\n\t\t\t\t\n\t\t\t\t<div class=\"et_pb_text text__wrapper block__wrapper  et_pb_wly_text_0\n            mobile-- tablet--off desktop--off\"\n     id=\"\">\n    <div class=\"container\">\n        <div class=\"row\">\n            <div class=\"col s12 l10 xl8  offset-l1 offset-xl2 \">\n                                    <p>Das gab Mobiliar am Freitag bekannt. Rochester-Bern EMBA Professor <a href=\"https:\/\/www.rochester-bern.ch\/faculty\/?omodal=MjM1OA\" target=\"_blank\" rel=\"noopener\">Aymo Brunetti<\/a> ist ordentlicher Professor f\u00fcr Wirtschaftspolitik und Regional\u00f6konomie am Departement Volkswirtschaftslehre der Universit\u00e4t Bern. Zudem ist er seit 2014 gesch\u00e4ftsf\u00fchrender Direktor des Volkswirtschaftlichen Instituts. Von 2003 bis 2012 war er Leiter der Direktion f\u00fcr Wirtschaftspolitik im Staatssekretariat f\u00fcr Wirtschaft Seco.<\/p>\n<p>Wir gratulieren Aymo Brunetti zu seinem neuen Amt und w\u00fcnschen ihm daf\u00fcr alles Gute.<\/p>\n<p><a href=\"https:\/\/www.luzernerzeitung.ch\/news-service\/wirtschaft\/zwei-neue-verwaltungsraete-fuer-die-mobiliar-pascal-bruderer-scheidet-aus-ld.1220887\" target=\"_blank\" rel=\"noopener noreferrer\">Zum Artikel (Luzerner Zeitung, 15.05.2020) \u00bb<\/a><\/p>\n                            <\/div>\n        <\/div>\n    <\/div>\n<\/div>\n\n\t\t\t<\/div>\n\t\t\t\t\n\t\t\t\t\n\t\t\t\t\n\t\t\t\t\n\t\t\t<\/div>\n\t\t\t\t<\/div>\n\t\t\t<\/div>\n\t\t\t\t\n\t\t\t\t\n\t\t\t    <\/div>\n\t\t\t<\/div>\n\t\t\t\t<\/div>\n\t\t\t<\/div>\n","protected":false},"excerpt":{"rendered":"Die Mobiliar beruft unseren EMBA Professor und \u00d6konomen Aymo Brunetti und Anja Wyden Guelpa neu in den Verwaltungsrat. Rudolf St\u00e4mpfli, Fritz Schiesser und Pascale Bruderer scheiden aus dem Gremium aus.","protected":false},"author":7,"featured_media":2035,"comment_status":"open","ping_status":"open","sticky":false,"template":"","format":"standard","meta":{"_acf_changed":false,"_et_pb_use_builder":"on","_et_pb_old_content":"","_et_gb_content_width":"","inline_featured_image":false,"footnotes":""},"tags":[127,292],"language":[32],"topic":[128,125],"class_list":["post-8835","post","type-post","status-publish","format-standard","has-post-thumbnail","hentry","tag-karriere","tag-executive-mba","language-deutsch","topic-emba-de","topic-karriere"],"acf":[],"yoast_head":"<!-- This site is optimized with the Yoast SEO plugin v27.2 - https:\/\/yoast.com\/product\/yoast-seo-wordpress\/ -->\n<title>EMBA Professor Aymo Brunetti<\/title>\n<meta name=\"description\" content=\"Die Mobiliar beruft unseren EMBA Professor und \u00d6konomen Aymo Brunetti und Anja Wyden Guelpa neu in den Verwaltungsrat.\" \/>\n<meta name=\"robots\" content=\"index, follow, max-snippet:-1, max-image-preview:large, max-video-preview:-1\" \/>\n<link rel=\"canonical\" href=\"https:\/\/www.rochester-bern.ch\/de\/blog\/emba-professor-aymo-brunetti\/\" \/>\n<meta property=\"og:locale\" content=\"de_DE\" \/>\n<meta property=\"og:type\" content=\"article\" \/>\n<meta property=\"og:title\" content=\"EMBA Professor Aymo Brunetti\" \/>\n<meta property=\"og:description\" content=\"Die Mobiliar beruft unseren EMBA Professor und \u00d6konomen Aymo Brunetti und Anja Wyden Guelpa neu in den Verwaltungsrat.\" \/>\n<meta property=\"og:url\" content=\"https:\/\/www.rochester-bern.ch\/de\/blog\/emba-professor-aymo-brunetti\/\" \/>\n<meta property=\"og:site_name\" content=\"Rochester-Bern\" \/>\n<meta property=\"article:published_time\" content=\"2020-05-25T09:44:58+00:00\" \/>\n<meta property=\"article:modified_time\" content=\"2025-02-26T12:10:56+00:00\" \/>\n<meta property=\"og:image\" content=\"https:\/\/www.rochester-bern.ch\/app\/uploads\/2023\/03\/20220627_picture_blog_brunetti_aymo.png\" \/>\n\t<meta property=\"og:image:width\" content=\"300\" \/>\n\t<meta property=\"og:image:height\" content=\"300\" \/>\n\t<meta property=\"og:image:type\" content=\"image\/png\" \/>\n<meta name=\"author\" content=\"Jessica Siegenthaler\" \/>\n<meta name=\"twitter:card\" content=\"summary_large_image\" \/>\n<meta name=\"twitter:label1\" content=\"Verfasst von\" \/>\n\t<meta name=\"twitter:data1\" content=\"Jessica Siegenthaler\" \/>\n\t<meta name=\"twitter:label2\" content=\"Gesch\u00e4tzte Lesezeit\" \/>\n\t<meta name=\"twitter:data2\" content=\"1\u00a0Minute\" \/>\n<script type=\"application\/ld+json\" class=\"yoast-schema-graph\">{\"@context\":\"https:\/\/schema.org\",\"@graph\":[{\"@type\":[\"Article\",\"BlogPosting\"],\"@id\":\"https:\/\/www.rochester-bern.ch\/de\/blog\/emba-professor-aymo-brunetti\/#article\",\"isPartOf\":{\"@id\":\"https:\/\/www.rochester-bern.ch\/de\/blog\/emba-professor-aymo-brunetti\/\"},\"author\":{\"name\":\"Jessica Siegenthaler\",\"@id\":\"https:\/\/rochester.incms.net\/#\/schema\/person\/c12d1889774f12098ebf59f51b327619\"},\"headline\":\"Rochester-Bern EMBA Professor Aymo Brunetti Wird Verwaltungsrat Von Mobiliar\",\"datePublished\":\"2020-05-25T09:44:58+00:00\",\"dateModified\":\"2025-02-26T12:10:56+00:00\",\"mainEntityOfPage\":{\"@id\":\"https:\/\/www.rochester-bern.ch\/de\/blog\/emba-professor-aymo-brunetti\/\"},\"wordCount\":156,\"commentCount\":0,\"image\":{\"@id\":\"https:\/\/www.rochester-bern.ch\/de\/blog\/emba-professor-aymo-brunetti\/#primaryimage\"},\"thumbnailUrl\":\"https:\/\/www.rochester-bern.ch\/app\/uploads\/2023\/03\/20220627_picture_blog_brunetti_aymo.png\",\"keywords\":[\"Karriere\",\"Executive MBA\"],\"inLanguage\":\"de\",\"potentialAction\":[{\"@type\":\"CommentAction\",\"name\":\"Comment\",\"target\":[\"https:\/\/www.rochester-bern.ch\/de\/blog\/emba-professor-aymo-brunetti\/#respond\"]}]},{\"@type\":\"WebPage\",\"@id\":\"https:\/\/www.rochester-bern.ch\/de\/blog\/emba-professor-aymo-brunetti\/\",\"url\":\"https:\/\/www.rochester-bern.ch\/de\/blog\/emba-professor-aymo-brunetti\/\",\"name\":\"EMBA Professor Aymo Brunetti\",\"isPartOf\":{\"@id\":\"https:\/\/rochester.incms.net\/#website\"},\"primaryImageOfPage\":{\"@id\":\"https:\/\/www.rochester-bern.ch\/de\/blog\/emba-professor-aymo-brunetti\/#primaryimage\"},\"image\":{\"@id\":\"https:\/\/www.rochester-bern.ch\/de\/blog\/emba-professor-aymo-brunetti\/#primaryimage\"},\"thumbnailUrl\":\"https:\/\/www.rochester-bern.ch\/app\/uploads\/2023\/03\/20220627_picture_blog_brunetti_aymo.png\",\"datePublished\":\"2020-05-25T09:44:58+00:00\",\"dateModified\":\"2025-02-26T12:10:56+00:00\",\"author\":{\"@id\":\"https:\/\/rochester.incms.net\/#\/schema\/person\/c12d1889774f12098ebf59f51b327619\"},\"description\":\"Die Mobiliar beruft unseren EMBA Professor und \u00d6konomen Aymo Brunetti und Anja Wyden Guelpa neu in den Verwaltungsrat.\",\"breadcrumb\":{\"@id\":\"https:\/\/www.rochester-bern.ch\/de\/blog\/emba-professor-aymo-brunetti\/#breadcrumb\"},\"inLanguage\":\"de\",\"potentialAction\":[{\"@type\":\"ReadAction\",\"target\":[\"https:\/\/www.rochester-bern.ch\/de\/blog\/emba-professor-aymo-brunetti\/\"]}]},{\"@type\":\"ImageObject\",\"inLanguage\":\"de\",\"@id\":\"https:\/\/www.rochester-bern.ch\/de\/blog\/emba-professor-aymo-brunetti\/#primaryimage\",\"url\":\"https:\/\/www.rochester-bern.ch\/app\/uploads\/2023\/03\/20220627_picture_blog_brunetti_aymo.png\",\"contentUrl\":\"https:\/\/www.rochester-bern.ch\/app\/uploads\/2023\/03\/20220627_picture_blog_brunetti_aymo.png\",\"width\":300,\"height\":300,\"caption\":\"Aymo Brunetti\"},{\"@type\":\"BreadcrumbList\",\"@id\":\"https:\/\/www.rochester-bern.ch\/de\/blog\/emba-professor-aymo-brunetti\/#breadcrumb\",\"itemListElement\":[{\"@type\":\"ListItem\",\"position\":1,\"name\":\"Home\",\"item\":\"https:\/\/www.rochester-bern.ch\/de\/\"},{\"@type\":\"ListItem\",\"position\":2,\"name\":\"Rochester-Bern EMBA Professor Aymo Brunetti Wird Verwaltungsrat Von Mobiliar\"}]},{\"@type\":\"WebSite\",\"@id\":\"https:\/\/rochester.incms.net\/#website\",\"url\":\"https:\/\/rochester.incms.net\/\",\"name\":\"Rochester-Bern\",\"description\":\"Executive Programs - further Education for Executives\",\"potentialAction\":[{\"@type\":\"SearchAction\",\"target\":{\"@type\":\"EntryPoint\",\"urlTemplate\":\"https:\/\/rochester.incms.net\/?s={search_term_string}\"},\"query-input\":{\"@type\":\"PropertyValueSpecification\",\"valueRequired\":true,\"valueName\":\"search_term_string\"}}],\"inLanguage\":\"de\"},{\"@type\":\"Person\",\"@id\":\"https:\/\/rochester.incms.net\/#\/schema\/person\/c12d1889774f12098ebf59f51b327619\",\"name\":\"Jessica Siegenthaler\"}]}<\/script>\n<!-- \/ Yoast SEO plugin. -->","yoast_head_json":{"title":"EMBA Professor Aymo Brunetti","description":"Die Mobiliar beruft unseren EMBA Professor und \u00d6konomen Aymo Brunetti und Anja Wyden Guelpa neu in den Verwaltungsrat.","robots":{"index":"index","follow":"follow","max-snippet":"max-snippet:-1","max-image-preview":"max-image-preview:large","max-video-preview":"max-video-preview:-1"},"canonical":"https:\/\/www.rochester-bern.ch\/de\/blog\/emba-professor-aymo-brunetti\/","og_locale":"de_DE","og_type":"article","og_title":"EMBA Professor Aymo Brunetti","og_description":"Die Mobiliar beruft unseren EMBA Professor und \u00d6konomen Aymo Brunetti und Anja Wyden Guelpa neu in den Verwaltungsrat.","og_url":"https:\/\/www.rochester-bern.ch\/de\/blog\/emba-professor-aymo-brunetti\/","og_site_name":"Rochester-Bern","article_published_time":"2020-05-25T09:44:58+00:00","article_modified_time":"2025-02-26T12:10:56+00:00","og_image":[{"width":300,"height":300,"url":"https:\/\/www.rochester-bern.ch\/app\/uploads\/2023\/03\/20220627_picture_blog_brunetti_aymo.png","type":"image\/png"}],"author":"Jessica Siegenthaler","twitter_card":"summary_large_image","twitter_misc":{"Verfasst von":"Jessica Siegenthaler","Gesch\u00e4tzte Lesezeit":"1\u00a0Minute"},"schema":{"@context":"https:\/\/schema.org","@graph":[{"@type":["Article","BlogPosting"],"@id":"https:\/\/www.rochester-bern.ch\/de\/blog\/emba-professor-aymo-brunetti\/#article","isPartOf":{"@id":"https:\/\/www.rochester-bern.ch\/de\/blog\/emba-professor-aymo-brunetti\/"},"author":{"name":"Jessica Siegenthaler","@id":"https:\/\/rochester.incms.net\/#\/schema\/person\/c12d1889774f12098ebf59f51b327619"},"headline":"Rochester-Bern EMBA Professor Aymo Brunetti Wird Verwaltungsrat Von Mobiliar","datePublished":"2020-05-25T09:44:58+00:00","dateModified":"2025-02-26T12:10:56+00:00","mainEntityOfPage":{"@id":"https:\/\/www.rochester-bern.ch\/de\/blog\/emba-professor-aymo-brunetti\/"},"wordCount":156,"commentCount":0,"image":{"@id":"https:\/\/www.rochester-bern.ch\/de\/blog\/emba-professor-aymo-brunetti\/#primaryimage"},"thumbnailUrl":"https:\/\/www.rochester-bern.ch\/app\/uploads\/2023\/03\/20220627_picture_blog_brunetti_aymo.png","keywords":["Karriere","Executive MBA"],"inLanguage":"de","potentialAction":[{"@type":"CommentAction","name":"Comment","target":["https:\/\/www.rochester-bern.ch\/de\/blog\/emba-professor-aymo-brunetti\/#respond"]}]},{"@type":"WebPage","@id":"https:\/\/www.rochester-bern.ch\/de\/blog\/emba-professor-aymo-brunetti\/","url":"https:\/\/www.rochester-bern.ch\/de\/blog\/emba-professor-aymo-brunetti\/","name":"EMBA Professor Aymo Brunetti","isPartOf":{"@id":"https:\/\/rochester.incms.net\/#website"},"primaryImageOfPage":{"@id":"https:\/\/www.rochester-bern.ch\/de\/blog\/emba-professor-aymo-brunetti\/#primaryimage"},"image":{"@id":"https:\/\/www.rochester-bern.ch\/de\/blog\/emba-professor-aymo-brunetti\/#primaryimage"},"thumbnailUrl":"https:\/\/www.rochester-bern.ch\/app\/uploads\/2023\/03\/20220627_picture_blog_brunetti_aymo.png","datePublished":"2020-05-25T09:44:58+00:00","dateModified":"2025-02-26T12:10:56+00:00","author":{"@id":"https:\/\/rochester.incms.net\/#\/schema\/person\/c12d1889774f12098ebf59f51b327619"},"description":"Die Mobiliar beruft unseren EMBA Professor und \u00d6konomen Aymo Brunetti und Anja Wyden Guelpa neu in den Verwaltungsrat.","breadcrumb":{"@id":"https:\/\/www.rochester-bern.ch\/de\/blog\/emba-professor-aymo-brunetti\/#breadcrumb"},"inLanguage":"de","potentialAction":[{"@type":"ReadAction","target":["https:\/\/www.rochester-bern.ch\/de\/blog\/emba-professor-aymo-brunetti\/"]}]},{"@type":"ImageObject","inLanguage":"de","@id":"https:\/\/www.rochester-bern.ch\/de\/blog\/emba-professor-aymo-brunetti\/#primaryimage","url":"https:\/\/www.rochester-bern.ch\/app\/uploads\/2023\/03\/20220627_picture_blog_brunetti_aymo.png","contentUrl":"https:\/\/www.rochester-bern.ch\/app\/uploads\/2023\/03\/20220627_picture_blog_brunetti_aymo.png","width":300,"height":300,"caption":"Aymo Brunetti"},{"@type":"BreadcrumbList","@id":"https:\/\/www.rochester-bern.ch\/de\/blog\/emba-professor-aymo-brunetti\/#breadcrumb","itemListElement":[{"@type":"ListItem","position":1,"name":"Home","item":"https:\/\/www.rochester-bern.ch\/de\/"},{"@type":"ListItem","position":2,"name":"Rochester-Bern EMBA Professor Aymo Brunetti Wird Verwaltungsrat Von Mobiliar"}]},{"@type":"WebSite","@id":"https:\/\/rochester.incms.net\/#website","url":"https:\/\/rochester.incms.net\/","name":"Rochester-Bern","description":"Executive Programs - further Education for Executives","potentialAction":[{"@type":"SearchAction","target":{"@type":"EntryPoint","urlTemplate":"https:\/\/rochester.incms.net\/?s={search_term_string}"},"query-input":{"@type":"PropertyValueSpecification","valueRequired":true,"valueName":"search_term_string"}}],"inLanguage":"de"},{"@type":"Person","@id":"https:\/\/rochester.incms.net\/#\/schema\/person\/c12d1889774f12098ebf59f51b327619","name":"Jessica Siegenthaler"}]}},"_links":{"self":[{"href":"https:\/\/www.rochester-bern.ch\/de\/wp-json\/wp\/v2\/posts\/8835","targetHints":{"allow":["GET"]}}],"collection":[{"href":"https:\/\/www.rochester-bern.ch\/de\/wp-json\/wp\/v2\/posts"}],"about":[{"href":"https:\/\/www.rochester-bern.ch\/de\/wp-json\/wp\/v2\/types\/post"}],"author":[{"embeddable":true,"href":"https:\/\/www.rochester-bern.ch\/de\/wp-json\/wp\/v2\/users\/7"}],"replies":[{"embeddable":true,"href":"https:\/\/www.rochester-bern.ch\/de\/wp-json\/wp\/v2\/comments?post=8835"}],"version-history":[{"count":6,"href":"https:\/\/www.rochester-bern.ch\/de\/wp-json\/wp\/v2\/posts\/8835\/revisions"}],"predecessor-version":[{"id":14586,"href":"https:\/\/www.rochester-bern.ch\/de\/wp-json\/wp\/v2\/posts\/8835\/revisions\/14586"}],"wp:featuredmedia":[{"embeddable":true,"href":"https:\/\/www.rochester-bern.ch\/de\/wp-json\/wp\/v2\/media\/2035"}],"wp:attachment":[{"href":"https:\/\/www.rochester-bern.ch\/de\/wp-json\/wp\/v2\/media?parent=8835"}],"wp:term":[{"taxonomy":"post_tag","embeddable":true,"href":"https:\/\/www.rochester-bern.ch\/de\/wp-json\/wp\/v2\/tags?post=8835"},{"taxonomy":"language","embeddable":true,"href":"https:\/\/www.rochester-bern.ch\/de\/wp-json\/wp\/v2\/language?post=8835"},{"taxonomy":"topic","embeddable":true,"href":"https:\/\/www.rochester-bern.ch\/de\/wp-json\/wp\/v2\/topic?post=8835"}],"curies":[{"name":"wp","href":"https:\/\/api.w.org\/{rel}","templated":true}]}}