{"id":8910,"date":"2018-08-30T13:42:49","date_gmt":"2018-08-30T13:42:49","guid":{"rendered":"https:\/\/www.rochester-bern.ch\/?p=8910"},"modified":"2025-03-04T09:59:40","modified_gmt":"2025-03-04T09:59:40","slug":"nachfolgeregelung-im-familienunternehmen","status":"publish","type":"post","link":"https:\/\/www.rochester-bern.ch\/de\/blog\/nachfolgeregelung-im-familienunternehmen\/","title":{"rendered":"\u00abWir haben unseren Kindern ein Klavier hingestellt, spielen d\u00fcrfen sie nun selbst\u00bb"},"content":{"rendered":"<div class=\"et_pb_section et_pb_section_0  et_pb_css_mix_blend_mode et_section_regular et_section_transparent\">\n\t\t\t\t\n\t\t\t\t\n\t\t\t\t\n\t\t\t\t\n\t\t\t\t\n\t\t\t\t\n\t\t\t\t<div class=\"et_pb_module_inner\">\n\t\t\t\t\t<div class=\"et_pb_section et_pb_section_0  et_pb_css_mix_blend_mode et_section_regular et_section_transparent\" >\n            <div >\n\t\t\t\t\n\t\t\t\t\n\t\t\t\t\n\t\t\t\t\n\t\t\t\t\n\t\t\t\t\n\t\t\t\t<div class=\"et_pb_row et_pb_row_0  et_pb_css_mix_blend_mode\">\n\t\t\t\t\n\t\t\t\t\n\t\t\t\t\n\t\t\t\t\n\t\t\t\t\n\t\t\t\t\n\t\t\t\t<div class=\"et_pb_module_inner\">\n\t\t\t\t\t<div class=\"row et_pb_row et_pb_row_0  et_pb_css_mix_blend_mode\">\n\t\t\t\t<div class=\"et_pb_column et_pb_column_1_1 s12 col bg--white et_pb_column_0  et_pb_css_mix_blend_mode et-last-child\">\n\t\t\t\t\n\t\t\t\t\n\t\t\t\t\n\t\t\t\t\n\t\t\t\t<div class=\"et_pb_text text__wrapper block__wrapper  et_pb_wly_text_0\n            mobile-- tablet--off desktop--off\"\n     id=\"\">\n    <div class=\"container\">\n        <div class=\"row\">\n            <div class=\"col s12 l10 xl8  offset-l1 offset-xl2 \">\n                                    <div class=\"wpb_text_column wpb_content_element \">\n<div class=\"wpb_wrapper\">\n<p>Dr. Bindella ist Unternehmer, Verwaltungsrat und Leiter der Z\u00fcrcher Familiengesellschaft <a href=\"https:\/\/www.bindella.ch\/\" target=\"_blank\" rel=\"noopener\">\u201cBindella terra vite vita SA\u201d<\/a> \u2013 das gr\u00f6sste familiengef\u00fchrte Gastrounternehmen der Schweiz, welchem auch das Restaurant Lorenzini angeh\u00f6rt. Dr. Ariel Sergio Goekmen ist Member of the Executive Board der Schroder &amp; Co Bank AG und Alumnus des <a href=\"https:\/\/www.rochester-bern.ch\/de\/programs\/emba\/\" target=\"_blank\" rel=\"noopener\">EMBA Programms von Rochester-Bern Executive Programs<\/a>.<\/p>\n<p>Seit Rudi Bindella 1975 in die Gesch\u00e4ftsleitung eintrat, hat sich der Umsatz der Bindella-Gruppe fast versechsfacht. Die Gastronomiegruppe besch\u00e4ftigt heute 1300 Mitarbeiter, und Herr Bindella h\u00e4lt fest, dass das Fundament des Erfolgs eine stark gelebte Wertekultur sei. \u00c4usserst wichtig sind ihm beispielsweise Verl\u00e4sslichkeit und Bescheidenheit, sowie dass Mitarbeitende s\u00e4mtlicher Stufen respektvoll miteinander umgehen. Als Patron habe er diese Werte stets auch vorgelebt.<\/p>\n<p>Im Alter von 70 Jahren erschien es Herrn Bindella an der Zeit, die Gesch\u00e4ftsleitung an die n\u00e4chste Generation im Familienunternehmen zu \u00fcbergeben. Zu einer guten F\u00fchrung geh\u00f6re eben auch \u00abdas Geschick, das Zepter im richtigen Moment abzugeben\u00bb.<\/p>\n<p>Diesen Fr\u00fchling nun \u00fcbernahm sein \u00e4ltester Sohn Rudi jr. (40) die operative Verantwortung f\u00fcr die Bereiche Gastronomie, Marketing und HR. Sein zweit\u00e4ltester Sohn Adrian (38) unterst\u00fctzt die Familie im Verwaltungsrat. Alle vier S\u00f6hne sind gleichermassen beteiligt an den verschiedenen Gesch\u00e4ftsteilen der Bindella-Gruppe. Herr Bindella erz\u00e4hlte im Gespr\u00e4ch, diese Nachfolgeregelung sei Resultat eines jahrelangen Prozesses, zu welchem sich alle Beteiligten geeinigt haben.<\/p>\n<p>Die Bindella-Gruppe liegt nun also in den H\u00e4nden der dritten Generation. Selbstverst\u00e4ndlich steht Herr Bindella seinen Kindern auch nach seinem R\u00fcckzug immer noch gerne beratend zur Seite. Er betont aber, dass die n\u00e4chste Generation sein vollstes Vertrauen geniesse \u2013 genauso wie er es damals bei der \u00dcbernahme von seinem Vater erleben durfte. So fasste Herr Bindella zusammen: \u00abWir haben unseren Kindern ein Klavier hingestellt, spielen d\u00fcrfen sie nun selbst\u00bb.<\/p>\n<\/div>\n<\/div>\n                            <\/div>\n        <\/div>\n    <\/div>\n<\/div>\n\n\t\t\t<\/div>\n\t\t\t\t\n\t\t\t\t\n\t\t\t\t\n\t\t\t\t\n\t\t\t<\/div>\n\t\t\t\t<\/div>\n\t\t\t<\/div>\n\t\t\t\t\n\t\t\t\t\n\t\t\t    <\/div>\n\t\t\t<\/div>\n\t\t\t\t<\/div>\n\t\t\t<\/div>\n","protected":false},"excerpt":{"rendered":"Ein Gespr\u00e4ch zur Nachfolgeregelung im Familienunternehmen mit Dr. Rudi Bindella\r\n\r\nAm 23. August 2018 waren die aktuellen Studierenden des CAS Verwaltungsrat sowie Alumni und G\u00e4ste zum Abendessen im Restaurant Lorenzini eingeladen. Highlight der Veranstaltung war ein erfrischender Talk mit Dr. Rudi Bindella, moderiert von Dr. Ariel Goekmen. Fokus des spannenden Gespr\u00e4chs waren m\u00f6gliche Herausforderungen bei der Nachfolgeregelung im Familienunternehmen und das Talentmanagement in der Bindella Gruppe.\r\n","protected":false},"author":7,"featured_media":8908,"comment_status":"open","ping_status":"open","sticky":false,"template":"","format":"standard","meta":{"_acf_changed":false,"_et_pb_use_builder":"on","_et_pb_old_content":"","_et_gb_content_width":"","inline_featured_image":false,"footnotes":""},"tags":[127,137,262],"language":[32],"topic":[183,125,133],"class_list":["post-8910","post","type-post","status-publish","format-standard","has-post-thumbnail","hentry","tag-karriere","tag-verwaltungsrat","tag-fuehrung","language-deutsch","topic-leadership-and-inclusion","topic-karriere","topic-verwaltungsrat"],"acf":[],"yoast_head":"<!-- This site is optimized with the Yoast SEO plugin v27.2 - https:\/\/yoast.com\/product\/yoast-seo-wordpress\/ -->\n<title>Nachfolgeregelung im Familienunternehmen<\/title>\n<meta name=\"description\" content=\"Am 23. August 2018 fand ein spannendes Gespr\u00e4ch \u00fcber die Nachfolgeregelung im Familienunternehmen mit Dr. Rudi Bindella statt.\" \/>\n<meta name=\"robots\" content=\"index, follow, max-snippet:-1, max-image-preview:large, max-video-preview:-1\" \/>\n<link rel=\"canonical\" href=\"https:\/\/www.rochester-bern.ch\/de\/blog\/nachfolgeregelung-im-familienunternehmen\/\" \/>\n<meta property=\"og:locale\" content=\"de_DE\" \/>\n<meta property=\"og:type\" content=\"article\" \/>\n<meta property=\"og:title\" content=\"Nachfolgeregelung im Familienunternehmen\" \/>\n<meta property=\"og:description\" content=\"Am 23. August 2018 fand ein spannendes Gespr\u00e4ch \u00fcber die Nachfolgeregelung im Familienunternehmen mit Dr. Rudi Bindella statt.\" \/>\n<meta property=\"og:url\" content=\"https:\/\/www.rochester-bern.ch\/de\/blog\/nachfolgeregelung-im-familienunternehmen\/\" \/>\n<meta property=\"og:site_name\" content=\"Rochester-Bern\" \/>\n<meta property=\"article:published_time\" content=\"2018-08-30T13:42:49+00:00\" \/>\n<meta property=\"article:modified_time\" content=\"2025-03-04T09:59:40+00:00\" \/>\n<meta property=\"og:image\" content=\"https:\/\/www.rochester-bern.ch\/app\/uploads\/2023\/06\/2018_08_30_nachfolgeregelung.jpg\" \/>\n\t<meta property=\"og:image:width\" content=\"880\" \/>\n\t<meta property=\"og:image:height\" content=\"495\" \/>\n\t<meta property=\"og:image:type\" content=\"image\/jpeg\" \/>\n<meta name=\"author\" content=\"Jessica Siegenthaler\" \/>\n<meta name=\"twitter:card\" content=\"summary_large_image\" \/>\n<meta name=\"twitter:label1\" content=\"Verfasst von\" \/>\n\t<meta name=\"twitter:data1\" content=\"Jessica Siegenthaler\" \/>\n\t<meta name=\"twitter:label2\" content=\"Gesch\u00e4tzte Lesezeit\" \/>\n\t<meta name=\"twitter:data2\" content=\"2\u00a0Minuten\" \/>\n<script type=\"application\/ld+json\" class=\"yoast-schema-graph\">{\"@context\":\"https:\/\/schema.org\",\"@graph\":[{\"@type\":[\"Article\",\"BlogPosting\"],\"@id\":\"https:\/\/www.rochester-bern.ch\/de\/blog\/nachfolgeregelung-im-familienunternehmen\/#article\",\"isPartOf\":{\"@id\":\"https:\/\/www.rochester-bern.ch\/de\/blog\/nachfolgeregelung-im-familienunternehmen\/\"},\"author\":{\"name\":\"Jessica Siegenthaler\",\"@id\":\"https:\/\/rochester.incms.net\/#\/schema\/person\/c12d1889774f12098ebf59f51b327619\"},\"headline\":\"\u00abWir haben unseren Kindern ein Klavier hingestellt, spielen d\u00fcrfen sie nun selbst\u00bb\",\"datePublished\":\"2018-08-30T13:42:49+00:00\",\"dateModified\":\"2025-03-04T09:59:40+00:00\",\"mainEntityOfPage\":{\"@id\":\"https:\/\/www.rochester-bern.ch\/de\/blog\/nachfolgeregelung-im-familienunternehmen\/\"},\"wordCount\":387,\"commentCount\":0,\"image\":{\"@id\":\"https:\/\/www.rochester-bern.ch\/de\/blog\/nachfolgeregelung-im-familienunternehmen\/#primaryimage\"},\"thumbnailUrl\":\"https:\/\/www.rochester-bern.ch\/app\/uploads\/2023\/06\/2018_08_30_nachfolgeregelung.jpg\",\"keywords\":[\"Karriere\",\"Verwaltungsrat\",\"F\u00fchrung\"],\"inLanguage\":\"de\",\"potentialAction\":[{\"@type\":\"CommentAction\",\"name\":\"Comment\",\"target\":[\"https:\/\/www.rochester-bern.ch\/de\/blog\/nachfolgeregelung-im-familienunternehmen\/#respond\"]}]},{\"@type\":\"WebPage\",\"@id\":\"https:\/\/www.rochester-bern.ch\/de\/blog\/nachfolgeregelung-im-familienunternehmen\/\",\"url\":\"https:\/\/www.rochester-bern.ch\/de\/blog\/nachfolgeregelung-im-familienunternehmen\/\",\"name\":\"Nachfolgeregelung im Familienunternehmen\",\"isPartOf\":{\"@id\":\"https:\/\/rochester.incms.net\/#website\"},\"primaryImageOfPage\":{\"@id\":\"https:\/\/www.rochester-bern.ch\/de\/blog\/nachfolgeregelung-im-familienunternehmen\/#primaryimage\"},\"image\":{\"@id\":\"https:\/\/www.rochester-bern.ch\/de\/blog\/nachfolgeregelung-im-familienunternehmen\/#primaryimage\"},\"thumbnailUrl\":\"https:\/\/www.rochester-bern.ch\/app\/uploads\/2023\/06\/2018_08_30_nachfolgeregelung.jpg\",\"datePublished\":\"2018-08-30T13:42:49+00:00\",\"dateModified\":\"2025-03-04T09:59:40+00:00\",\"author\":{\"@id\":\"https:\/\/rochester.incms.net\/#\/schema\/person\/c12d1889774f12098ebf59f51b327619\"},\"description\":\"Am 23. August 2018 fand ein spannendes Gespr\u00e4ch \u00fcber die Nachfolgeregelung im Familienunternehmen mit Dr. Rudi Bindella statt.\",\"breadcrumb\":{\"@id\":\"https:\/\/www.rochester-bern.ch\/de\/blog\/nachfolgeregelung-im-familienunternehmen\/#breadcrumb\"},\"inLanguage\":\"de\",\"potentialAction\":[{\"@type\":\"ReadAction\",\"target\":[\"https:\/\/www.rochester-bern.ch\/de\/blog\/nachfolgeregelung-im-familienunternehmen\/\"]}]},{\"@type\":\"ImageObject\",\"inLanguage\":\"de\",\"@id\":\"https:\/\/www.rochester-bern.ch\/de\/blog\/nachfolgeregelung-im-familienunternehmen\/#primaryimage\",\"url\":\"https:\/\/www.rochester-bern.ch\/app\/uploads\/2023\/06\/2018_08_30_nachfolgeregelung.jpg\",\"contentUrl\":\"https:\/\/www.rochester-bern.ch\/app\/uploads\/2023\/06\/2018_08_30_nachfolgeregelung.jpg\",\"width\":880,\"height\":495,\"caption\":\"Nachfolgeregelung\"},{\"@type\":\"BreadcrumbList\",\"@id\":\"https:\/\/www.rochester-bern.ch\/de\/blog\/nachfolgeregelung-im-familienunternehmen\/#breadcrumb\",\"itemListElement\":[{\"@type\":\"ListItem\",\"position\":1,\"name\":\"Home\",\"item\":\"https:\/\/www.rochester-bern.ch\/de\/\"},{\"@type\":\"ListItem\",\"position\":2,\"name\":\"\u00abWir haben unseren Kindern ein Klavier hingestellt, spielen d\u00fcrfen sie nun selbst\u00bb\"}]},{\"@type\":\"WebSite\",\"@id\":\"https:\/\/rochester.incms.net\/#website\",\"url\":\"https:\/\/rochester.incms.net\/\",\"name\":\"Rochester-Bern\",\"description\":\"Executive Programs - further Education for Executives\",\"potentialAction\":[{\"@type\":\"SearchAction\",\"target\":{\"@type\":\"EntryPoint\",\"urlTemplate\":\"https:\/\/rochester.incms.net\/?s={search_term_string}\"},\"query-input\":{\"@type\":\"PropertyValueSpecification\",\"valueRequired\":true,\"valueName\":\"search_term_string\"}}],\"inLanguage\":\"de\"},{\"@type\":\"Person\",\"@id\":\"https:\/\/rochester.incms.net\/#\/schema\/person\/c12d1889774f12098ebf59f51b327619\",\"name\":\"Jessica Siegenthaler\"}]}<\/script>\n<!-- \/ Yoast SEO plugin. -->","yoast_head_json":{"title":"Nachfolgeregelung im Familienunternehmen","description":"Am 23. August 2018 fand ein spannendes Gespr\u00e4ch \u00fcber die Nachfolgeregelung im Familienunternehmen mit Dr. Rudi Bindella statt.","robots":{"index":"index","follow":"follow","max-snippet":"max-snippet:-1","max-image-preview":"max-image-preview:large","max-video-preview":"max-video-preview:-1"},"canonical":"https:\/\/www.rochester-bern.ch\/de\/blog\/nachfolgeregelung-im-familienunternehmen\/","og_locale":"de_DE","og_type":"article","og_title":"Nachfolgeregelung im Familienunternehmen","og_description":"Am 23. August 2018 fand ein spannendes Gespr\u00e4ch \u00fcber die Nachfolgeregelung im Familienunternehmen mit Dr. Rudi Bindella statt.","og_url":"https:\/\/www.rochester-bern.ch\/de\/blog\/nachfolgeregelung-im-familienunternehmen\/","og_site_name":"Rochester-Bern","article_published_time":"2018-08-30T13:42:49+00:00","article_modified_time":"2025-03-04T09:59:40+00:00","og_image":[{"width":880,"height":495,"url":"https:\/\/www.rochester-bern.ch\/app\/uploads\/2023\/06\/2018_08_30_nachfolgeregelung.jpg","type":"image\/jpeg"}],"author":"Jessica Siegenthaler","twitter_card":"summary_large_image","twitter_misc":{"Verfasst von":"Jessica Siegenthaler","Gesch\u00e4tzte Lesezeit":"2\u00a0Minuten"},"schema":{"@context":"https:\/\/schema.org","@graph":[{"@type":["Article","BlogPosting"],"@id":"https:\/\/www.rochester-bern.ch\/de\/blog\/nachfolgeregelung-im-familienunternehmen\/#article","isPartOf":{"@id":"https:\/\/www.rochester-bern.ch\/de\/blog\/nachfolgeregelung-im-familienunternehmen\/"},"author":{"name":"Jessica Siegenthaler","@id":"https:\/\/rochester.incms.net\/#\/schema\/person\/c12d1889774f12098ebf59f51b327619"},"headline":"\u00abWir haben unseren Kindern ein Klavier hingestellt, spielen d\u00fcrfen sie nun selbst\u00bb","datePublished":"2018-08-30T13:42:49+00:00","dateModified":"2025-03-04T09:59:40+00:00","mainEntityOfPage":{"@id":"https:\/\/www.rochester-bern.ch\/de\/blog\/nachfolgeregelung-im-familienunternehmen\/"},"wordCount":387,"commentCount":0,"image":{"@id":"https:\/\/www.rochester-bern.ch\/de\/blog\/nachfolgeregelung-im-familienunternehmen\/#primaryimage"},"thumbnailUrl":"https:\/\/www.rochester-bern.ch\/app\/uploads\/2023\/06\/2018_08_30_nachfolgeregelung.jpg","keywords":["Karriere","Verwaltungsrat","F\u00fchrung"],"inLanguage":"de","potentialAction":[{"@type":"CommentAction","name":"Comment","target":["https:\/\/www.rochester-bern.ch\/de\/blog\/nachfolgeregelung-im-familienunternehmen\/#respond"]}]},{"@type":"WebPage","@id":"https:\/\/www.rochester-bern.ch\/de\/blog\/nachfolgeregelung-im-familienunternehmen\/","url":"https:\/\/www.rochester-bern.ch\/de\/blog\/nachfolgeregelung-im-familienunternehmen\/","name":"Nachfolgeregelung im Familienunternehmen","isPartOf":{"@id":"https:\/\/rochester.incms.net\/#website"},"primaryImageOfPage":{"@id":"https:\/\/www.rochester-bern.ch\/de\/blog\/nachfolgeregelung-im-familienunternehmen\/#primaryimage"},"image":{"@id":"https:\/\/www.rochester-bern.ch\/de\/blog\/nachfolgeregelung-im-familienunternehmen\/#primaryimage"},"thumbnailUrl":"https:\/\/www.rochester-bern.ch\/app\/uploads\/2023\/06\/2018_08_30_nachfolgeregelung.jpg","datePublished":"2018-08-30T13:42:49+00:00","dateModified":"2025-03-04T09:59:40+00:00","author":{"@id":"https:\/\/rochester.incms.net\/#\/schema\/person\/c12d1889774f12098ebf59f51b327619"},"description":"Am 23. August 2018 fand ein spannendes Gespr\u00e4ch \u00fcber die Nachfolgeregelung im Familienunternehmen mit Dr. Rudi Bindella statt.","breadcrumb":{"@id":"https:\/\/www.rochester-bern.ch\/de\/blog\/nachfolgeregelung-im-familienunternehmen\/#breadcrumb"},"inLanguage":"de","potentialAction":[{"@type":"ReadAction","target":["https:\/\/www.rochester-bern.ch\/de\/blog\/nachfolgeregelung-im-familienunternehmen\/"]}]},{"@type":"ImageObject","inLanguage":"de","@id":"https:\/\/www.rochester-bern.ch\/de\/blog\/nachfolgeregelung-im-familienunternehmen\/#primaryimage","url":"https:\/\/www.rochester-bern.ch\/app\/uploads\/2023\/06\/2018_08_30_nachfolgeregelung.jpg","contentUrl":"https:\/\/www.rochester-bern.ch\/app\/uploads\/2023\/06\/2018_08_30_nachfolgeregelung.jpg","width":880,"height":495,"caption":"Nachfolgeregelung"},{"@type":"BreadcrumbList","@id":"https:\/\/www.rochester-bern.ch\/de\/blog\/nachfolgeregelung-im-familienunternehmen\/#breadcrumb","itemListElement":[{"@type":"ListItem","position":1,"name":"Home","item":"https:\/\/www.rochester-bern.ch\/de\/"},{"@type":"ListItem","position":2,"name":"\u00abWir haben unseren Kindern ein Klavier hingestellt, spielen d\u00fcrfen sie nun selbst\u00bb"}]},{"@type":"WebSite","@id":"https:\/\/rochester.incms.net\/#website","url":"https:\/\/rochester.incms.net\/","name":"Rochester-Bern","description":"Executive Programs - further Education for Executives","potentialAction":[{"@type":"SearchAction","target":{"@type":"EntryPoint","urlTemplate":"https:\/\/rochester.incms.net\/?s={search_term_string}"},"query-input":{"@type":"PropertyValueSpecification","valueRequired":true,"valueName":"search_term_string"}}],"inLanguage":"de"},{"@type":"Person","@id":"https:\/\/rochester.incms.net\/#\/schema\/person\/c12d1889774f12098ebf59f51b327619","name":"Jessica Siegenthaler"}]}},"_links":{"self":[{"href":"https:\/\/www.rochester-bern.ch\/de\/wp-json\/wp\/v2\/posts\/8910","targetHints":{"allow":["GET"]}}],"collection":[{"href":"https:\/\/www.rochester-bern.ch\/de\/wp-json\/wp\/v2\/posts"}],"about":[{"href":"https:\/\/www.rochester-bern.ch\/de\/wp-json\/wp\/v2\/types\/post"}],"author":[{"embeddable":true,"href":"https:\/\/www.rochester-bern.ch\/de\/wp-json\/wp\/v2\/users\/7"}],"replies":[{"embeddable":true,"href":"https:\/\/www.rochester-bern.ch\/de\/wp-json\/wp\/v2\/comments?post=8910"}],"version-history":[{"count":5,"href":"https:\/\/www.rochester-bern.ch\/de\/wp-json\/wp\/v2\/posts\/8910\/revisions"}],"predecessor-version":[{"id":14630,"href":"https:\/\/www.rochester-bern.ch\/de\/wp-json\/wp\/v2\/posts\/8910\/revisions\/14630"}],"wp:featuredmedia":[{"embeddable":true,"href":"https:\/\/www.rochester-bern.ch\/de\/wp-json\/wp\/v2\/media\/8908"}],"wp:attachment":[{"href":"https:\/\/www.rochester-bern.ch\/de\/wp-json\/wp\/v2\/media?parent=8910"}],"wp:term":[{"taxonomy":"post_tag","embeddable":true,"href":"https:\/\/www.rochester-bern.ch\/de\/wp-json\/wp\/v2\/tags?post=8910"},{"taxonomy":"language","embeddable":true,"href":"https:\/\/www.rochester-bern.ch\/de\/wp-json\/wp\/v2\/language?post=8910"},{"taxonomy":"topic","embeddable":true,"href":"https:\/\/www.rochester-bern.ch\/de\/wp-json\/wp\/v2\/topic?post=8910"}],"curies":[{"name":"wp","href":"https:\/\/api.w.org\/{rel}","templated":true}]}}